{"id":6107,"date":"2020-07-01T07:00:54","date_gmt":"2020-07-01T05:00:54","guid":{"rendered":"http:\/\/r-interieurs.com\/?p=6107"},"modified":"2020-06-28T19:09:31","modified_gmt":"2020-06-28T17:09:31","slug":"a-lexterieur","status":"publish","type":"post","link":"https:\/\/r-interieurs.com\/index.php\/2020\/07\/01\/a-lexterieur\/","title":{"rendered":"A l&rsquo;ext\u00e9rieur&#8230;"},"content":{"rendered":"<p>&nbsp;<\/p>\n<p>L&rsquo;\u00e9t\u00e9 est enfin arriv\u00e9 !<\/p>\n<p>Profitons des beaux jours pour l\u00e9zarder ou passer de bons moments en famille ou entre amis sur nos terrasses.<\/p>\n<p>J&rsquo;ai choisi cette ambiance exotique chic qui m\u00e9lange les mati\u00e8res naturelles comme le bois, l&rsquo;osier et le m\u00e9tal.<\/p>\n<p>Cette terrasse se trouve dans <a href=\"https:\/\/www.vinccilaplantaciondelsur.com\">l&rsquo;h\u00f4tel \u00ab\u00a0Vincci Seleccion la plantacion del sur\u00a0\u00bb \u00e0 T\u00e9n\u00e9rife.<\/a>.<\/p>\n<p>&nbsp;<\/p>\n<h4 style=\"text-align: justify;\">Ma s\u00e9lection :<\/h4>\n<p style=\"text-align: justify;\">Cliquez sur les intitul\u00e9s, ils vous dirigeront directement vers les sites vendeurs.<\/p>\n<p><a href=\"https:\/\/www.laredoute.fr\/ppdp\/prod-505848728.aspx#shoppingtool=treestructureguidednavigation\" target=\"_blank\" rel=\"noopener noreferrer\">Canap\u00e9<\/a> &#8211; <a href=\"https:\/\/www.maisonsdumonde.com\/FR\/fr\/p\/bout-de-canape-en-teck-et-metal-noir-phuket-201133.htm?page=1\">Table<\/a> &#8211; <a href=\"https:\/\/www.maisonsdumonde.com\/FR\/fr\/p\/suspension-cloche-en-rotin-kenya-199829.htm?page=2\" target=\"_blank\" rel=\"noopener noreferrer\">Suspension<\/a> &#8211; <a href=\"https:\/\/www.thecoolrepublic.com\/deco\/coussins\/coussin-imprime-palmiers-hkliving\" target=\"_blank\" rel=\"noopener noreferrer\">Coussin<\/a>\u00a0&#8211;\u00a0<a href=\"https:\/\/www.interiors.fr\/7769-vase-decoratif-en-ciment.html\">Vase<\/a><\/p>\n<p>&nbsp;<\/p>\n<p><img loading=\"lazy\" class=\"aligncenter size-full wp-image-6110\" src=\"http:\/\/r-interieurs.com\/wp-content\/uploads\/2020\/07\/Copie-de-Design-sans-titre.png\" alt=\"\" width=\"768\" height=\"576\" srcset=\"https:\/\/r-interieurs.com\/wp-content\/uploads\/2020\/07\/Copie-de-Design-sans-titre.png 768w, https:\/\/r-interieurs.com\/wp-content\/uploads\/2020\/07\/Copie-de-Design-sans-titre-300x225.png 300w\" sizes=\"(max-width: 768px) 100vw, 768px\" \/><\/p>\n","protected":false},"excerpt":{"rendered":"<p>&nbsp; L&rsquo;\u00e9t\u00e9 est enfin arriv\u00e9 ! Profitons des beaux jours pour l\u00e9zarder ou passer de bons moments en famille ou entre amis sur nos terrasses. J&rsquo;ai choisi cette ambiance exotique chic qui m\u00e9lange les mati\u00e8res naturelles comme le bois, l&rsquo;osier [&hellip;]<\/p>\n","protected":false},"author":1,"featured_media":6108,"comment_status":"open","ping_status":"open","sticky":false,"template":"","format":"standard","meta":{"spay_email":""},"categories":[239],"tags":[],"yoast_head":"<!-- This site is optimized with the Yoast SEO plugin v18.4.1 - https:\/\/yoast.com\/wordpress\/plugins\/seo\/ -->\n<title>A l&#039;ext\u00e9rieur... - R Int\u00e9rieurs<\/title>\n<meta name=\"robots\" content=\"index, follow, max-snippet:-1, max-image-preview:large, max-video-preview:-1\" \/>\n<link rel=\"canonical\" href=\"https:\/\/r-interieurs.com\/index.php\/2020\/07\/01\/a-lexterieur\/\" \/>\n<meta property=\"og:locale\" content=\"fr_FR\" \/>\n<meta property=\"og:type\" content=\"article\" \/>\n<meta property=\"og:title\" content=\"A l&#039;ext\u00e9rieur... - R Int\u00e9rieurs\" \/>\n<meta property=\"og:description\" content=\"&nbsp; L&rsquo;\u00e9t\u00e9 est enfin arriv\u00e9 ! Profitons des beaux jours pour l\u00e9zarder ou passer de bons moments en famille ou entre amis sur nos terrasses. J&rsquo;ai choisi cette ambiance exotique chic qui m\u00e9lange les mati\u00e8res naturelles comme le bois, l&rsquo;osier [&hellip;]\" \/>\n<meta property=\"og:url\" content=\"https:\/\/r-interieurs.com\/index.php\/2020\/07\/01\/a-lexterieur\/\" \/>\n<meta property=\"og:site_name\" content=\"R Int\u00e9rieurs\" \/>\n<meta property=\"article:published_time\" content=\"2020-07-01T05:00:54+00:00\" \/>\n<meta property=\"article:modified_time\" content=\"2020-06-28T17:09:31+00:00\" \/>\n<meta property=\"og:image\" content=\"https:\/\/r-interieurs.com\/wp-content\/uploads\/2020\/06\/206021529.jpg\" \/>\n\t<meta property=\"og:image:width\" content=\"1232\" \/>\n\t<meta property=\"og:image:height\" content=\"900\" \/>\n\t<meta property=\"og:image:type\" content=\"image\/jpeg\" \/>\n<meta name=\"twitter:card\" content=\"summary_large_image\" \/>\n<meta name=\"twitter:label1\" content=\"\u00c9crit par\" \/>\n\t<meta name=\"twitter:data1\" content=\"Emilie\" \/>\n<script type=\"application\/ld+json\" class=\"yoast-schema-graph\">{\"@context\":\"https:\/\/schema.org\",\"@graph\":[{\"@type\":\"WebSite\",\"@id\":\"https:\/\/r-interieurs.com\/#website\",\"url\":\"https:\/\/r-interieurs.com\/\",\"name\":\"R Int\u00e9rieurs\",\"description\":\"D\u00e9coration int\u00e9rieur Strasbourg\",\"potentialAction\":[{\"@type\":\"SearchAction\",\"target\":{\"@type\":\"EntryPoint\",\"urlTemplate\":\"https:\/\/r-interieurs.com\/?s={search_term_string}\"},\"query-input\":\"required name=search_term_string\"}],\"inLanguage\":\"fr-FR\"},{\"@type\":\"ImageObject\",\"@id\":\"https:\/\/r-interieurs.com\/index.php\/2020\/07\/01\/a-lexterieur\/#primaryimage\",\"inLanguage\":\"fr-FR\",\"url\":\"https:\/\/r-interieurs.com\/wp-content\/uploads\/2020\/06\/206021529.jpg\",\"contentUrl\":\"https:\/\/r-interieurs.com\/wp-content\/uploads\/2020\/06\/206021529.jpg\",\"width\":1232,\"height\":900},{\"@type\":\"WebPage\",\"@id\":\"https:\/\/r-interieurs.com\/index.php\/2020\/07\/01\/a-lexterieur\/#webpage\",\"url\":\"https:\/\/r-interieurs.com\/index.php\/2020\/07\/01\/a-lexterieur\/\",\"name\":\"A l'ext\u00e9rieur... - R Int\u00e9rieurs\",\"isPartOf\":{\"@id\":\"https:\/\/r-interieurs.com\/#website\"},\"primaryImageOfPage\":{\"@id\":\"https:\/\/r-interieurs.com\/index.php\/2020\/07\/01\/a-lexterieur\/#primaryimage\"},\"datePublished\":\"2020-07-01T05:00:54+00:00\",\"dateModified\":\"2020-06-28T17:09:31+00:00\",\"author\":{\"@id\":\"https:\/\/r-interieurs.com\/#\/schema\/person\/b3bfd020a48a222cbed09eae8f5c64e0\"},\"breadcrumb\":{\"@id\":\"https:\/\/r-interieurs.com\/index.php\/2020\/07\/01\/a-lexterieur\/#breadcrumb\"},\"inLanguage\":\"fr-FR\",\"potentialAction\":[{\"@type\":\"ReadAction\",\"target\":[\"https:\/\/r-interieurs.com\/index.php\/2020\/07\/01\/a-lexterieur\/\"]}]},{\"@type\":\"BreadcrumbList\",\"@id\":\"https:\/\/r-interieurs.com\/index.php\/2020\/07\/01\/a-lexterieur\/#breadcrumb\",\"itemListElement\":[{\"@type\":\"ListItem\",\"position\":1,\"name\":\"Accueil\",\"item\":\"https:\/\/r-interieurs.com\/\"},{\"@type\":\"ListItem\",\"position\":2,\"name\":\"A l&rsquo;ext\u00e9rieur&#8230;\"}]},{\"@type\":\"Person\",\"@id\":\"https:\/\/r-interieurs.com\/#\/schema\/person\/b3bfd020a48a222cbed09eae8f5c64e0\",\"name\":\"Emilie\",\"image\":{\"@type\":\"ImageObject\",\"@id\":\"https:\/\/r-interieurs.com\/#personlogo\",\"inLanguage\":\"fr-FR\",\"url\":\"https:\/\/secure.gravatar.com\/avatar\/003d8a0735cdcdb60b5d7b0ca440c0ee?s=96&d=mm&r=g\",\"contentUrl\":\"https:\/\/secure.gravatar.com\/avatar\/003d8a0735cdcdb60b5d7b0ca440c0ee?s=96&d=mm&r=g\",\"caption\":\"Emilie\"},\"url\":\"https:\/\/r-interieurs.com\/index.php\/author\/admin1978\/\"}]}<\/script>\n<!-- \/ Yoast SEO plugin. -->","yoast_head_json":{"title":"A l'ext\u00e9rieur... - R Int\u00e9rieurs","robots":{"index":"index","follow":"follow","max-snippet":"max-snippet:-1","max-image-preview":"max-image-preview:large","max-video-preview":"max-video-preview:-1"},"canonical":"https:\/\/r-interieurs.com\/index.php\/2020\/07\/01\/a-lexterieur\/","og_locale":"fr_FR","og_type":"article","og_title":"A l'ext\u00e9rieur... - R Int\u00e9rieurs","og_description":"&nbsp; L&rsquo;\u00e9t\u00e9 est enfin arriv\u00e9 ! Profitons des beaux jours pour l\u00e9zarder ou passer de bons moments en famille ou entre amis sur nos terrasses. J&rsquo;ai choisi cette ambiance exotique chic qui m\u00e9lange les mati\u00e8res naturelles comme le bois, l&rsquo;osier [&hellip;]","og_url":"https:\/\/r-interieurs.com\/index.php\/2020\/07\/01\/a-lexterieur\/","og_site_name":"R Int\u00e9rieurs","article_published_time":"2020-07-01T05:00:54+00:00","article_modified_time":"2020-06-28T17:09:31+00:00","og_image":[{"width":1232,"height":900,"url":"https:\/\/r-interieurs.com\/wp-content\/uploads\/2020\/06\/206021529.jpg","type":"image\/jpeg"}],"twitter_card":"summary_large_image","twitter_misc":{"\u00c9crit par":"Emilie"},"schema":{"@context":"https:\/\/schema.org","@graph":[{"@type":"WebSite","@id":"https:\/\/r-interieurs.com\/#website","url":"https:\/\/r-interieurs.com\/","name":"R Int\u00e9rieurs","description":"D\u00e9coration int\u00e9rieur Strasbourg","potentialAction":[{"@type":"SearchAction","target":{"@type":"EntryPoint","urlTemplate":"https:\/\/r-interieurs.com\/?s={search_term_string}"},"query-input":"required name=search_term_string"}],"inLanguage":"fr-FR"},{"@type":"ImageObject","@id":"https:\/\/r-interieurs.com\/index.php\/2020\/07\/01\/a-lexterieur\/#primaryimage","inLanguage":"fr-FR","url":"https:\/\/r-interieurs.com\/wp-content\/uploads\/2020\/06\/206021529.jpg","contentUrl":"https:\/\/r-interieurs.com\/wp-content\/uploads\/2020\/06\/206021529.jpg","width":1232,"height":900},{"@type":"WebPage","@id":"https:\/\/r-interieurs.com\/index.php\/2020\/07\/01\/a-lexterieur\/#webpage","url":"https:\/\/r-interieurs.com\/index.php\/2020\/07\/01\/a-lexterieur\/","name":"A l'ext\u00e9rieur... - R Int\u00e9rieurs","isPartOf":{"@id":"https:\/\/r-interieurs.com\/#website"},"primaryImageOfPage":{"@id":"https:\/\/r-interieurs.com\/index.php\/2020\/07\/01\/a-lexterieur\/#primaryimage"},"datePublished":"2020-07-01T05:00:54+00:00","dateModified":"2020-06-28T17:09:31+00:00","author":{"@id":"https:\/\/r-interieurs.com\/#\/schema\/person\/b3bfd020a48a222cbed09eae8f5c64e0"},"breadcrumb":{"@id":"https:\/\/r-interieurs.com\/index.php\/2020\/07\/01\/a-lexterieur\/#breadcrumb"},"inLanguage":"fr-FR","potentialAction":[{"@type":"ReadAction","target":["https:\/\/r-interieurs.com\/index.php\/2020\/07\/01\/a-lexterieur\/"]}]},{"@type":"BreadcrumbList","@id":"https:\/\/r-interieurs.com\/index.php\/2020\/07\/01\/a-lexterieur\/#breadcrumb","itemListElement":[{"@type":"ListItem","position":1,"name":"Accueil","item":"https:\/\/r-interieurs.com\/"},{"@type":"ListItem","position":2,"name":"A l&rsquo;ext\u00e9rieur&#8230;"}]},{"@type":"Person","@id":"https:\/\/r-interieurs.com\/#\/schema\/person\/b3bfd020a48a222cbed09eae8f5c64e0","name":"Emilie","image":{"@type":"ImageObject","@id":"https:\/\/r-interieurs.com\/#personlogo","inLanguage":"fr-FR","url":"https:\/\/secure.gravatar.com\/avatar\/003d8a0735cdcdb60b5d7b0ca440c0ee?s=96&d=mm&r=g","contentUrl":"https:\/\/secure.gravatar.com\/avatar\/003d8a0735cdcdb60b5d7b0ca440c0ee?s=96&d=mm&r=g","caption":"Emilie"},"url":"https:\/\/r-interieurs.com\/index.php\/author\/admin1978\/"}]}},"jetpack_featured_media_url":"https:\/\/r-interieurs.com\/wp-content\/uploads\/2020\/06\/206021529.jpg","_links":{"self":[{"href":"https:\/\/r-interieurs.com\/index.php\/wp-json\/wp\/v2\/posts\/6107"}],"collection":[{"href":"https:\/\/r-interieurs.com\/index.php\/wp-json\/wp\/v2\/posts"}],"about":[{"href":"https:\/\/r-interieurs.com\/index.php\/wp-json\/wp\/v2\/types\/post"}],"author":[{"embeddable":true,"href":"https:\/\/r-interieurs.com\/index.php\/wp-json\/wp\/v2\/users\/1"}],"replies":[{"embeddable":true,"href":"https:\/\/r-interieurs.com\/index.php\/wp-json\/wp\/v2\/comments?post=6107"}],"version-history":[{"count":2,"href":"https:\/\/r-interieurs.com\/index.php\/wp-json\/wp\/v2\/posts\/6107\/revisions"}],"predecessor-version":[{"id":6111,"href":"https:\/\/r-interieurs.com\/index.php\/wp-json\/wp\/v2\/posts\/6107\/revisions\/6111"}],"wp:featuredmedia":[{"embeddable":true,"href":"https:\/\/r-interieurs.com\/index.php\/wp-json\/wp\/v2\/media\/6108"}],"wp:attachment":[{"href":"https:\/\/r-interieurs.com\/index.php\/wp-json\/wp\/v2\/media?parent=6107"}],"wp:term":[{"taxonomy":"category","embeddable":true,"href":"https:\/\/r-interieurs.com\/index.php\/wp-json\/wp\/v2\/categories?post=6107"},{"taxonomy":"post_tag","embeddable":true,"href":"https:\/\/r-interieurs.com\/index.php\/wp-json\/wp\/v2\/tags?post=6107"}],"curies":[{"name":"wp","href":"https:\/\/api.w.org\/{rel}","templated":true}]}}