{"id":6093,"date":"2020-05-01T08:00:45","date_gmt":"2020-05-01T06:00:45","guid":{"rendered":"http:\/\/r-interieurs.com\/?p=6093"},"modified":"2020-05-01T11:31:30","modified_gmt":"2020-05-01T09:31:30","slug":"un-peu-de-rangement","status":"publish","type":"post","link":"https:\/\/r-interieurs.com\/index.php\/2020\/05\/01\/un-peu-de-rangement\/","title":{"rendered":"Un peu de rangement"},"content":{"rendered":"<p>&nbsp;<\/p>\n<p>&nbsp;<\/p>\n<p>Nous sommes aujourd&rsquo;hui contraints de rester \u00e0 la maison en raison de la pand\u00e9mie&#8230;<\/p>\n<p>Pourquoi ne pas en profiter pour faire le grand m\u00e9nage et r\u00e9organiser un peu notre habitat.<\/p>\n<p>Je vous ai s\u00e9lectionn\u00e9 quelques id\u00e9es d&rsquo;am\u00e9nagement trouv\u00e9es sur Pinterest.<\/p>\n<p>Que ce soit notre buanderie, salon, bureau&#8230;vous avez de quoi faire !<\/p>\n<p>Mais avant tout, profitez-en pour faire le tri des choses dont vous n&rsquo;avez plus besoin.<\/p>\n<p>Bon courage \u00e0 tous et prenez soin de vous.<\/p>\n<p>&nbsp;<\/p>\n<p>&nbsp;<\/p>\n<p><img loading=\"lazy\" class=\"aligncenter size-full wp-image-6096\" src=\"http:\/\/r-interieurs.com\/wp-content\/uploads\/2020\/05\/emilie-rieffel-rinterieur-rangement.png\" alt=\"\" width=\"768\" height=\"576\" srcset=\"https:\/\/r-interieurs.com\/wp-content\/uploads\/2020\/05\/emilie-rieffel-rinterieur-rangement.png 768w, https:\/\/r-interieurs.com\/wp-content\/uploads\/2020\/05\/emilie-rieffel-rinterieur-rangement-300x225.png 300w\" sizes=\"(max-width: 768px) 100vw, 768px\" \/><\/p>\n<p>&nbsp;<\/p>\n<p>&nbsp;<\/p>\n","protected":false},"excerpt":{"rendered":"<p>&nbsp; &nbsp; Nous sommes aujourd&rsquo;hui contraints de rester \u00e0 la maison en raison de la pand\u00e9mie&#8230; Pourquoi ne pas en profiter pour faire le grand m\u00e9nage et r\u00e9organiser un peu notre habitat. Je vous ai s\u00e9lectionn\u00e9 quelques id\u00e9es d&rsquo;am\u00e9nagement trouv\u00e9es [&hellip;]<\/p>\n","protected":false},"author":1,"featured_media":6099,"comment_status":"open","ping_status":"open","sticky":false,"template":"","format":"standard","meta":{"spay_email":""},"categories":[1],"tags":[],"yoast_head":"<!-- This site is optimized with the Yoast SEO plugin v18.4.1 - https:\/\/yoast.com\/wordpress\/plugins\/seo\/ -->\n<title>Un peu de rangement - R Int\u00e9rieurs<\/title>\n<meta name=\"robots\" content=\"index, follow, max-snippet:-1, max-image-preview:large, max-video-preview:-1\" \/>\n<link rel=\"canonical\" href=\"https:\/\/r-interieurs.com\/index.php\/2020\/05\/01\/un-peu-de-rangement\/\" \/>\n<meta property=\"og:locale\" content=\"fr_FR\" \/>\n<meta property=\"og:type\" content=\"article\" \/>\n<meta property=\"og:title\" content=\"Un peu de rangement - R Int\u00e9rieurs\" \/>\n<meta property=\"og:description\" content=\"&nbsp; &nbsp; Nous sommes aujourd&rsquo;hui contraints de rester \u00e0 la maison en raison de la pand\u00e9mie&#8230; Pourquoi ne pas en profiter pour faire le grand m\u00e9nage et r\u00e9organiser un peu notre habitat. Je vous ai s\u00e9lectionn\u00e9 quelques id\u00e9es d&rsquo;am\u00e9nagement trouv\u00e9es [&hellip;]\" \/>\n<meta property=\"og:url\" content=\"https:\/\/r-interieurs.com\/index.php\/2020\/05\/01\/un-peu-de-rangement\/\" \/>\n<meta property=\"og:site_name\" content=\"R Int\u00e9rieurs\" \/>\n<meta property=\"article:published_time\" content=\"2020-05-01T06:00:45+00:00\" \/>\n<meta property=\"article:modified_time\" content=\"2020-05-01T09:31:30+00:00\" \/>\n<meta property=\"og:image\" content=\"https:\/\/r-interieurs.com\/wp-content\/uploads\/2020\/05\/emilie-rieffel-rinterieur-rangement1.png\" \/>\n\t<meta property=\"og:image:width\" content=\"768\" \/>\n\t<meta property=\"og:image:height\" content=\"576\" \/>\n\t<meta property=\"og:image:type\" content=\"image\/png\" \/>\n<meta name=\"twitter:card\" content=\"summary_large_image\" \/>\n<meta name=\"twitter:label1\" content=\"\u00c9crit par\" \/>\n\t<meta name=\"twitter:data1\" content=\"Emilie\" \/>\n<script type=\"application\/ld+json\" class=\"yoast-schema-graph\">{\"@context\":\"https:\/\/schema.org\",\"@graph\":[{\"@type\":\"WebSite\",\"@id\":\"https:\/\/r-interieurs.com\/#website\",\"url\":\"https:\/\/r-interieurs.com\/\",\"name\":\"R Int\u00e9rieurs\",\"description\":\"D\u00e9coration int\u00e9rieur Strasbourg\",\"potentialAction\":[{\"@type\":\"SearchAction\",\"target\":{\"@type\":\"EntryPoint\",\"urlTemplate\":\"https:\/\/r-interieurs.com\/?s={search_term_string}\"},\"query-input\":\"required name=search_term_string\"}],\"inLanguage\":\"fr-FR\"},{\"@type\":\"ImageObject\",\"@id\":\"https:\/\/r-interieurs.com\/index.php\/2020\/05\/01\/un-peu-de-rangement\/#primaryimage\",\"inLanguage\":\"fr-FR\",\"url\":\"https:\/\/r-interieurs.com\/wp-content\/uploads\/2020\/05\/emilie-rieffel-rinterieur-rangement1.png\",\"contentUrl\":\"https:\/\/r-interieurs.com\/wp-content\/uploads\/2020\/05\/emilie-rieffel-rinterieur-rangement1.png\",\"width\":768,\"height\":576},{\"@type\":\"WebPage\",\"@id\":\"https:\/\/r-interieurs.com\/index.php\/2020\/05\/01\/un-peu-de-rangement\/#webpage\",\"url\":\"https:\/\/r-interieurs.com\/index.php\/2020\/05\/01\/un-peu-de-rangement\/\",\"name\":\"Un peu de rangement - R Int\u00e9rieurs\",\"isPartOf\":{\"@id\":\"https:\/\/r-interieurs.com\/#website\"},\"primaryImageOfPage\":{\"@id\":\"https:\/\/r-interieurs.com\/index.php\/2020\/05\/01\/un-peu-de-rangement\/#primaryimage\"},\"datePublished\":\"2020-05-01T06:00:45+00:00\",\"dateModified\":\"2020-05-01T09:31:30+00:00\",\"author\":{\"@id\":\"https:\/\/r-interieurs.com\/#\/schema\/person\/b3bfd020a48a222cbed09eae8f5c64e0\"},\"breadcrumb\":{\"@id\":\"https:\/\/r-interieurs.com\/index.php\/2020\/05\/01\/un-peu-de-rangement\/#breadcrumb\"},\"inLanguage\":\"fr-FR\",\"potentialAction\":[{\"@type\":\"ReadAction\",\"target\":[\"https:\/\/r-interieurs.com\/index.php\/2020\/05\/01\/un-peu-de-rangement\/\"]}]},{\"@type\":\"BreadcrumbList\",\"@id\":\"https:\/\/r-interieurs.com\/index.php\/2020\/05\/01\/un-peu-de-rangement\/#breadcrumb\",\"itemListElement\":[{\"@type\":\"ListItem\",\"position\":1,\"name\":\"Accueil\",\"item\":\"https:\/\/r-interieurs.com\/\"},{\"@type\":\"ListItem\",\"position\":2,\"name\":\"Un peu de rangement\"}]},{\"@type\":\"Person\",\"@id\":\"https:\/\/r-interieurs.com\/#\/schema\/person\/b3bfd020a48a222cbed09eae8f5c64e0\",\"name\":\"Emilie\",\"image\":{\"@type\":\"ImageObject\",\"@id\":\"https:\/\/r-interieurs.com\/#personlogo\",\"inLanguage\":\"fr-FR\",\"url\":\"https:\/\/secure.gravatar.com\/avatar\/003d8a0735cdcdb60b5d7b0ca440c0ee?s=96&d=mm&r=g\",\"contentUrl\":\"https:\/\/secure.gravatar.com\/avatar\/003d8a0735cdcdb60b5d7b0ca440c0ee?s=96&d=mm&r=g\",\"caption\":\"Emilie\"},\"url\":\"https:\/\/r-interieurs.com\/index.php\/author\/admin1978\/\"}]}<\/script>\n<!-- \/ Yoast SEO plugin. -->","yoast_head_json":{"title":"Un peu de rangement - R Int\u00e9rieurs","robots":{"index":"index","follow":"follow","max-snippet":"max-snippet:-1","max-image-preview":"max-image-preview:large","max-video-preview":"max-video-preview:-1"},"canonical":"https:\/\/r-interieurs.com\/index.php\/2020\/05\/01\/un-peu-de-rangement\/","og_locale":"fr_FR","og_type":"article","og_title":"Un peu de rangement - R Int\u00e9rieurs","og_description":"&nbsp; &nbsp; Nous sommes aujourd&rsquo;hui contraints de rester \u00e0 la maison en raison de la pand\u00e9mie&#8230; Pourquoi ne pas en profiter pour faire le grand m\u00e9nage et r\u00e9organiser un peu notre habitat. Je vous ai s\u00e9lectionn\u00e9 quelques id\u00e9es d&rsquo;am\u00e9nagement trouv\u00e9es [&hellip;]","og_url":"https:\/\/r-interieurs.com\/index.php\/2020\/05\/01\/un-peu-de-rangement\/","og_site_name":"R Int\u00e9rieurs","article_published_time":"2020-05-01T06:00:45+00:00","article_modified_time":"2020-05-01T09:31:30+00:00","og_image":[{"width":768,"height":576,"url":"https:\/\/r-interieurs.com\/wp-content\/uploads\/2020\/05\/emilie-rieffel-rinterieur-rangement1.png","type":"image\/png"}],"twitter_card":"summary_large_image","twitter_misc":{"\u00c9crit par":"Emilie"},"schema":{"@context":"https:\/\/schema.org","@graph":[{"@type":"WebSite","@id":"https:\/\/r-interieurs.com\/#website","url":"https:\/\/r-interieurs.com\/","name":"R Int\u00e9rieurs","description":"D\u00e9coration int\u00e9rieur Strasbourg","potentialAction":[{"@type":"SearchAction","target":{"@type":"EntryPoint","urlTemplate":"https:\/\/r-interieurs.com\/?s={search_term_string}"},"query-input":"required name=search_term_string"}],"inLanguage":"fr-FR"},{"@type":"ImageObject","@id":"https:\/\/r-interieurs.com\/index.php\/2020\/05\/01\/un-peu-de-rangement\/#primaryimage","inLanguage":"fr-FR","url":"https:\/\/r-interieurs.com\/wp-content\/uploads\/2020\/05\/emilie-rieffel-rinterieur-rangement1.png","contentUrl":"https:\/\/r-interieurs.com\/wp-content\/uploads\/2020\/05\/emilie-rieffel-rinterieur-rangement1.png","width":768,"height":576},{"@type":"WebPage","@id":"https:\/\/r-interieurs.com\/index.php\/2020\/05\/01\/un-peu-de-rangement\/#webpage","url":"https:\/\/r-interieurs.com\/index.php\/2020\/05\/01\/un-peu-de-rangement\/","name":"Un peu de rangement - R Int\u00e9rieurs","isPartOf":{"@id":"https:\/\/r-interieurs.com\/#website"},"primaryImageOfPage":{"@id":"https:\/\/r-interieurs.com\/index.php\/2020\/05\/01\/un-peu-de-rangement\/#primaryimage"},"datePublished":"2020-05-01T06:00:45+00:00","dateModified":"2020-05-01T09:31:30+00:00","author":{"@id":"https:\/\/r-interieurs.com\/#\/schema\/person\/b3bfd020a48a222cbed09eae8f5c64e0"},"breadcrumb":{"@id":"https:\/\/r-interieurs.com\/index.php\/2020\/05\/01\/un-peu-de-rangement\/#breadcrumb"},"inLanguage":"fr-FR","potentialAction":[{"@type":"ReadAction","target":["https:\/\/r-interieurs.com\/index.php\/2020\/05\/01\/un-peu-de-rangement\/"]}]},{"@type":"BreadcrumbList","@id":"https:\/\/r-interieurs.com\/index.php\/2020\/05\/01\/un-peu-de-rangement\/#breadcrumb","itemListElement":[{"@type":"ListItem","position":1,"name":"Accueil","item":"https:\/\/r-interieurs.com\/"},{"@type":"ListItem","position":2,"name":"Un peu de rangement"}]},{"@type":"Person","@id":"https:\/\/r-interieurs.com\/#\/schema\/person\/b3bfd020a48a222cbed09eae8f5c64e0","name":"Emilie","image":{"@type":"ImageObject","@id":"https:\/\/r-interieurs.com\/#personlogo","inLanguage":"fr-FR","url":"https:\/\/secure.gravatar.com\/avatar\/003d8a0735cdcdb60b5d7b0ca440c0ee?s=96&d=mm&r=g","contentUrl":"https:\/\/secure.gravatar.com\/avatar\/003d8a0735cdcdb60b5d7b0ca440c0ee?s=96&d=mm&r=g","caption":"Emilie"},"url":"https:\/\/r-interieurs.com\/index.php\/author\/admin1978\/"}]}},"jetpack_featured_media_url":"https:\/\/r-interieurs.com\/wp-content\/uploads\/2020\/05\/emilie-rieffel-rinterieur-rangement1.png","_links":{"self":[{"href":"https:\/\/r-interieurs.com\/index.php\/wp-json\/wp\/v2\/posts\/6093"}],"collection":[{"href":"https:\/\/r-interieurs.com\/index.php\/wp-json\/wp\/v2\/posts"}],"about":[{"href":"https:\/\/r-interieurs.com\/index.php\/wp-json\/wp\/v2\/types\/post"}],"author":[{"embeddable":true,"href":"https:\/\/r-interieurs.com\/index.php\/wp-json\/wp\/v2\/users\/1"}],"replies":[{"embeddable":true,"href":"https:\/\/r-interieurs.com\/index.php\/wp-json\/wp\/v2\/comments?post=6093"}],"version-history":[{"count":4,"href":"https:\/\/r-interieurs.com\/index.php\/wp-json\/wp\/v2\/posts\/6093\/revisions"}],"predecessor-version":[{"id":6100,"href":"https:\/\/r-interieurs.com\/index.php\/wp-json\/wp\/v2\/posts\/6093\/revisions\/6100"}],"wp:featuredmedia":[{"embeddable":true,"href":"https:\/\/r-interieurs.com\/index.php\/wp-json\/wp\/v2\/media\/6099"}],"wp:attachment":[{"href":"https:\/\/r-interieurs.com\/index.php\/wp-json\/wp\/v2\/media?parent=6093"}],"wp:term":[{"taxonomy":"category","embeddable":true,"href":"https:\/\/r-interieurs.com\/index.php\/wp-json\/wp\/v2\/categories?post=6093"},{"taxonomy":"post_tag","embeddable":true,"href":"https:\/\/r-interieurs.com\/index.php\/wp-json\/wp\/v2\/tags?post=6093"}],"curies":[{"name":"wp","href":"https:\/\/api.w.org\/{rel}","templated":true}]}}