{"id":6087,"date":"2020-04-01T07:00:34","date_gmt":"2020-04-01T05:00:34","guid":{"rendered":"http:\/\/r-interieurs.com\/?p=6087"},"modified":"2020-03-21T15:31:21","modified_gmt":"2020-03-21T14:31:21","slug":"les-belles-cuisines","status":"publish","type":"post","link":"https:\/\/r-interieurs.com\/index.php\/2020\/04\/01\/les-belles-cuisines\/","title":{"rendered":"Les belles cuisines"},"content":{"rendered":"<p>&nbsp;<\/p>\n<p>Les cuisines ne cessent de nous surprendre ces derni\u00e8res ann\u00e9es !<\/p>\n<p>Les mati\u00e8res, les coloris&#8230; tout se renouv\u00e8le et il est souvent difficile de faire le bon choix lorsque l&rsquo;on se trouve en magasin pour acheter sa nouvelle cuisine.<\/p>\n<p>Je vous pr\u00e9sente dans cet article quelques mod\u00e8les de cuisine qui ne vous lasseront probablement pas&#8230;<\/p>\n<p>Pensez toujours qu&rsquo;une cuisine dure environ 15\/20 ans minimum&#8230;\u00e9vitez donc de prendre des mati\u00e8res ou \u00a0des couleurs trop sophistiqu\u00e9es !<\/p>\n<p>Faites vous conseiller en magasin par les professionnels qui vous donneront des astuces pour l&rsquo;am\u00e9nagement., le c\u00f4t\u00e9 pratique&#8230;<\/p>\n<p>&nbsp;<\/p>\n<p>Liens des sites des cuisines propos\u00e9es :<\/p>\n<p><a href=\"https:\/\/www.mobalpa.fr\/cuisine-equipee\/modele-cuisine-ambiance-iconique?noheader=1&amp;nofooter=1&amp;capteur=900&amp;m=642\">Cuisine gris fonc\u00e9<\/a><\/p>\n<p><a href=\"https:\/\/www.home-design.schmidt\/fr-fr\/cuisines-equipees\/cuisine-equipee-contemporaine-luxe-ilot-central-coloris-bois-mat-stratifie-marbre-blanc\">Cuisine bois et marbre<\/a><\/p>\n<p><a href=\"https:\/\/www2.ikea.com\/fr\/fr\/rooms\/kitchen\/gallery\/cuisinez-dans-une-oasis-calme-et-moderne-pub5543b5b1\">Cuisine beige et bois<\/a><\/p>\n<p><a href=\"https:\/\/www.ixina.fr\/cuisine-vogue-ilot\/le-modele\">Cuisine blanche<\/a><\/p>\n","protected":false},"excerpt":{"rendered":"<p>&nbsp; Les cuisines ne cessent de nous surprendre ces derni\u00e8res ann\u00e9es ! Les mati\u00e8res, les coloris&#8230; tout se renouv\u00e8le et il est souvent difficile de faire le bon choix lorsque l&rsquo;on se trouve en magasin pour acheter sa nouvelle cuisine. [&hellip;]<\/p>\n","protected":false},"author":1,"featured_media":6088,"comment_status":"open","ping_status":"open","sticky":false,"template":"","format":"standard","meta":{"spay_email":""},"categories":[1],"tags":[],"yoast_head":"<!-- This site is optimized with the Yoast SEO plugin v18.4.1 - https:\/\/yoast.com\/wordpress\/plugins\/seo\/ -->\n<title>Les belles cuisines - R Int\u00e9rieurs<\/title>\n<meta name=\"robots\" content=\"index, follow, max-snippet:-1, max-image-preview:large, max-video-preview:-1\" \/>\n<link rel=\"canonical\" href=\"https:\/\/r-interieurs.com\/index.php\/2020\/04\/01\/les-belles-cuisines\/\" \/>\n<meta property=\"og:locale\" content=\"fr_FR\" \/>\n<meta property=\"og:type\" content=\"article\" \/>\n<meta property=\"og:title\" content=\"Les belles cuisines - R Int\u00e9rieurs\" \/>\n<meta property=\"og:description\" content=\"&nbsp; Les cuisines ne cessent de nous surprendre ces derni\u00e8res ann\u00e9es ! Les mati\u00e8res, les coloris&#8230; tout se renouv\u00e8le et il est souvent difficile de faire le bon choix lorsque l&rsquo;on se trouve en magasin pour acheter sa nouvelle cuisine. [&hellip;]\" \/>\n<meta property=\"og:url\" content=\"https:\/\/r-interieurs.com\/index.php\/2020\/04\/01\/les-belles-cuisines\/\" \/>\n<meta property=\"og:site_name\" content=\"R Int\u00e9rieurs\" \/>\n<meta property=\"article:published_time\" content=\"2020-04-01T05:00:34+00:00\" \/>\n<meta property=\"article:modified_time\" content=\"2020-03-21T14:31:21+00:00\" \/>\n<meta property=\"og:image\" content=\"https:\/\/r-interieurs.com\/wp-content\/uploads\/2020\/03\/emilie-rieffel-decoration-interieur-strasbourg-interieur-salleamanger-3.png\" \/>\n\t<meta property=\"og:image:width\" content=\"1024\" \/>\n\t<meta property=\"og:image:height\" content=\"768\" \/>\n\t<meta property=\"og:image:type\" content=\"image\/png\" \/>\n<meta name=\"twitter:card\" content=\"summary_large_image\" \/>\n<meta name=\"twitter:label1\" content=\"\u00c9crit par\" \/>\n\t<meta name=\"twitter:data1\" content=\"Emilie\" \/>\n\t<meta name=\"twitter:label2\" content=\"Dur\u00e9e de lecture estim\u00e9e\" \/>\n\t<meta name=\"twitter:data2\" content=\"1 minute\" \/>\n<script type=\"application\/ld+json\" class=\"yoast-schema-graph\">{\"@context\":\"https:\/\/schema.org\",\"@graph\":[{\"@type\":\"WebSite\",\"@id\":\"https:\/\/r-interieurs.com\/#website\",\"url\":\"https:\/\/r-interieurs.com\/\",\"name\":\"R Int\u00e9rieurs\",\"description\":\"D\u00e9coration int\u00e9rieur Strasbourg\",\"potentialAction\":[{\"@type\":\"SearchAction\",\"target\":{\"@type\":\"EntryPoint\",\"urlTemplate\":\"https:\/\/r-interieurs.com\/?s={search_term_string}\"},\"query-input\":\"required name=search_term_string\"}],\"inLanguage\":\"fr-FR\"},{\"@type\":\"ImageObject\",\"@id\":\"https:\/\/r-interieurs.com\/index.php\/2020\/04\/01\/les-belles-cuisines\/#primaryimage\",\"inLanguage\":\"fr-FR\",\"url\":\"https:\/\/r-interieurs.com\/wp-content\/uploads\/2020\/03\/emilie-rieffel-decoration-interieur-strasbourg-interieur-salleamanger-3.png\",\"contentUrl\":\"https:\/\/r-interieurs.com\/wp-content\/uploads\/2020\/03\/emilie-rieffel-decoration-interieur-strasbourg-interieur-salleamanger-3.png\",\"width\":1024,\"height\":768},{\"@type\":\"WebPage\",\"@id\":\"https:\/\/r-interieurs.com\/index.php\/2020\/04\/01\/les-belles-cuisines\/#webpage\",\"url\":\"https:\/\/r-interieurs.com\/index.php\/2020\/04\/01\/les-belles-cuisines\/\",\"name\":\"Les belles cuisines - R Int\u00e9rieurs\",\"isPartOf\":{\"@id\":\"https:\/\/r-interieurs.com\/#website\"},\"primaryImageOfPage\":{\"@id\":\"https:\/\/r-interieurs.com\/index.php\/2020\/04\/01\/les-belles-cuisines\/#primaryimage\"},\"datePublished\":\"2020-04-01T05:00:34+00:00\",\"dateModified\":\"2020-03-21T14:31:21+00:00\",\"author\":{\"@id\":\"https:\/\/r-interieurs.com\/#\/schema\/person\/b3bfd020a48a222cbed09eae8f5c64e0\"},\"breadcrumb\":{\"@id\":\"https:\/\/r-interieurs.com\/index.php\/2020\/04\/01\/les-belles-cuisines\/#breadcrumb\"},\"inLanguage\":\"fr-FR\",\"potentialAction\":[{\"@type\":\"ReadAction\",\"target\":[\"https:\/\/r-interieurs.com\/index.php\/2020\/04\/01\/les-belles-cuisines\/\"]}]},{\"@type\":\"BreadcrumbList\",\"@id\":\"https:\/\/r-interieurs.com\/index.php\/2020\/04\/01\/les-belles-cuisines\/#breadcrumb\",\"itemListElement\":[{\"@type\":\"ListItem\",\"position\":1,\"name\":\"Accueil\",\"item\":\"https:\/\/r-interieurs.com\/\"},{\"@type\":\"ListItem\",\"position\":2,\"name\":\"Les belles cuisines\"}]},{\"@type\":\"Person\",\"@id\":\"https:\/\/r-interieurs.com\/#\/schema\/person\/b3bfd020a48a222cbed09eae8f5c64e0\",\"name\":\"Emilie\",\"image\":{\"@type\":\"ImageObject\",\"@id\":\"https:\/\/r-interieurs.com\/#personlogo\",\"inLanguage\":\"fr-FR\",\"url\":\"https:\/\/secure.gravatar.com\/avatar\/003d8a0735cdcdb60b5d7b0ca440c0ee?s=96&d=mm&r=g\",\"contentUrl\":\"https:\/\/secure.gravatar.com\/avatar\/003d8a0735cdcdb60b5d7b0ca440c0ee?s=96&d=mm&r=g\",\"caption\":\"Emilie\"},\"url\":\"https:\/\/r-interieurs.com\/index.php\/author\/admin1978\/\"}]}<\/script>\n<!-- \/ Yoast SEO plugin. -->","yoast_head_json":{"title":"Les belles cuisines - R Int\u00e9rieurs","robots":{"index":"index","follow":"follow","max-snippet":"max-snippet:-1","max-image-preview":"max-image-preview:large","max-video-preview":"max-video-preview:-1"},"canonical":"https:\/\/r-interieurs.com\/index.php\/2020\/04\/01\/les-belles-cuisines\/","og_locale":"fr_FR","og_type":"article","og_title":"Les belles cuisines - R Int\u00e9rieurs","og_description":"&nbsp; Les cuisines ne cessent de nous surprendre ces derni\u00e8res ann\u00e9es ! Les mati\u00e8res, les coloris&#8230; tout se renouv\u00e8le et il est souvent difficile de faire le bon choix lorsque l&rsquo;on se trouve en magasin pour acheter sa nouvelle cuisine. [&hellip;]","og_url":"https:\/\/r-interieurs.com\/index.php\/2020\/04\/01\/les-belles-cuisines\/","og_site_name":"R Int\u00e9rieurs","article_published_time":"2020-04-01T05:00:34+00:00","article_modified_time":"2020-03-21T14:31:21+00:00","og_image":[{"width":1024,"height":768,"url":"https:\/\/r-interieurs.com\/wp-content\/uploads\/2020\/03\/emilie-rieffel-decoration-interieur-strasbourg-interieur-salleamanger-3.png","type":"image\/png"}],"twitter_card":"summary_large_image","twitter_misc":{"\u00c9crit par":"Emilie","Dur\u00e9e de lecture estim\u00e9e":"1 minute"},"schema":{"@context":"https:\/\/schema.org","@graph":[{"@type":"WebSite","@id":"https:\/\/r-interieurs.com\/#website","url":"https:\/\/r-interieurs.com\/","name":"R Int\u00e9rieurs","description":"D\u00e9coration int\u00e9rieur Strasbourg","potentialAction":[{"@type":"SearchAction","target":{"@type":"EntryPoint","urlTemplate":"https:\/\/r-interieurs.com\/?s={search_term_string}"},"query-input":"required name=search_term_string"}],"inLanguage":"fr-FR"},{"@type":"ImageObject","@id":"https:\/\/r-interieurs.com\/index.php\/2020\/04\/01\/les-belles-cuisines\/#primaryimage","inLanguage":"fr-FR","url":"https:\/\/r-interieurs.com\/wp-content\/uploads\/2020\/03\/emilie-rieffel-decoration-interieur-strasbourg-interieur-salleamanger-3.png","contentUrl":"https:\/\/r-interieurs.com\/wp-content\/uploads\/2020\/03\/emilie-rieffel-decoration-interieur-strasbourg-interieur-salleamanger-3.png","width":1024,"height":768},{"@type":"WebPage","@id":"https:\/\/r-interieurs.com\/index.php\/2020\/04\/01\/les-belles-cuisines\/#webpage","url":"https:\/\/r-interieurs.com\/index.php\/2020\/04\/01\/les-belles-cuisines\/","name":"Les belles cuisines - R Int\u00e9rieurs","isPartOf":{"@id":"https:\/\/r-interieurs.com\/#website"},"primaryImageOfPage":{"@id":"https:\/\/r-interieurs.com\/index.php\/2020\/04\/01\/les-belles-cuisines\/#primaryimage"},"datePublished":"2020-04-01T05:00:34+00:00","dateModified":"2020-03-21T14:31:21+00:00","author":{"@id":"https:\/\/r-interieurs.com\/#\/schema\/person\/b3bfd020a48a222cbed09eae8f5c64e0"},"breadcrumb":{"@id":"https:\/\/r-interieurs.com\/index.php\/2020\/04\/01\/les-belles-cuisines\/#breadcrumb"},"inLanguage":"fr-FR","potentialAction":[{"@type":"ReadAction","target":["https:\/\/r-interieurs.com\/index.php\/2020\/04\/01\/les-belles-cuisines\/"]}]},{"@type":"BreadcrumbList","@id":"https:\/\/r-interieurs.com\/index.php\/2020\/04\/01\/les-belles-cuisines\/#breadcrumb","itemListElement":[{"@type":"ListItem","position":1,"name":"Accueil","item":"https:\/\/r-interieurs.com\/"},{"@type":"ListItem","position":2,"name":"Les belles cuisines"}]},{"@type":"Person","@id":"https:\/\/r-interieurs.com\/#\/schema\/person\/b3bfd020a48a222cbed09eae8f5c64e0","name":"Emilie","image":{"@type":"ImageObject","@id":"https:\/\/r-interieurs.com\/#personlogo","inLanguage":"fr-FR","url":"https:\/\/secure.gravatar.com\/avatar\/003d8a0735cdcdb60b5d7b0ca440c0ee?s=96&d=mm&r=g","contentUrl":"https:\/\/secure.gravatar.com\/avatar\/003d8a0735cdcdb60b5d7b0ca440c0ee?s=96&d=mm&r=g","caption":"Emilie"},"url":"https:\/\/r-interieurs.com\/index.php\/author\/admin1978\/"}]}},"jetpack_featured_media_url":"https:\/\/r-interieurs.com\/wp-content\/uploads\/2020\/03\/emilie-rieffel-decoration-interieur-strasbourg-interieur-salleamanger-3.png","_links":{"self":[{"href":"https:\/\/r-interieurs.com\/index.php\/wp-json\/wp\/v2\/posts\/6087"}],"collection":[{"href":"https:\/\/r-interieurs.com\/index.php\/wp-json\/wp\/v2\/posts"}],"about":[{"href":"https:\/\/r-interieurs.com\/index.php\/wp-json\/wp\/v2\/types\/post"}],"author":[{"embeddable":true,"href":"https:\/\/r-interieurs.com\/index.php\/wp-json\/wp\/v2\/users\/1"}],"replies":[{"embeddable":true,"href":"https:\/\/r-interieurs.com\/index.php\/wp-json\/wp\/v2\/comments?post=6087"}],"version-history":[{"count":3,"href":"https:\/\/r-interieurs.com\/index.php\/wp-json\/wp\/v2\/posts\/6087\/revisions"}],"predecessor-version":[{"id":6091,"href":"https:\/\/r-interieurs.com\/index.php\/wp-json\/wp\/v2\/posts\/6087\/revisions\/6091"}],"wp:featuredmedia":[{"embeddable":true,"href":"https:\/\/r-interieurs.com\/index.php\/wp-json\/wp\/v2\/media\/6088"}],"wp:attachment":[{"href":"https:\/\/r-interieurs.com\/index.php\/wp-json\/wp\/v2\/media?parent=6087"}],"wp:term":[{"taxonomy":"category","embeddable":true,"href":"https:\/\/r-interieurs.com\/index.php\/wp-json\/wp\/v2\/categories?post=6087"},{"taxonomy":"post_tag","embeddable":true,"href":"https:\/\/r-interieurs.com\/index.php\/wp-json\/wp\/v2\/tags?post=6087"}],"curies":[{"name":"wp","href":"https:\/\/api.w.org\/{rel}","templated":true}]}}