{"id":6079,"date":"2020-03-01T08:00:15","date_gmt":"2020-03-01T07:00:15","guid":{"rendered":"http:\/\/r-interieurs.com\/?p=6079"},"modified":"2020-02-27T20:45:37","modified_gmt":"2020-02-27T19:45:37","slug":"un-air-de-campagne","status":"publish","type":"post","link":"https:\/\/r-interieurs.com\/index.php\/2020\/03\/01\/un-air-de-campagne\/","title":{"rendered":"Un air de campagne"},"content":{"rendered":"<p>La d\u00e9coration campagnarde s&rsquo;est faite une grande place dans nos int\u00e9rieurs ces derniers temps.<\/p>\n<p>Son style \u00e9pur\u00e9 et rustique peut plaire \u00e0 toutes les g\u00e9n\u00e9rations \u00e0 condition de bien choisir ses couleurs, ses mati\u00e8res et son mobilier.<\/p>\n<p>Sinon, gare \u00e0 l&rsquo;effet vieillot et d\u00e9pass\u00e9 !<\/p>\n<p>Sur cette image trouv\u00e9e sur <a href=\"https:\/\/www.pinterest.fr\/pin\/706854103994621679\/\">pinterest<\/a>, la d\u00e9coration reste tout de m\u00eame tr\u00e8s moderne, mais on peut jouer avec les objets d\u00e9coratifs pour apporter plus d&rsquo;authenticit\u00e9 et de caract\u00e8re (vieux livres avec couverture en cuir, sculpture en bois ou m\u00e9tal, une cruche en guise de vase&#8230;), libre cour \u00e0 votre imagination. Vous pourrez en trouver en brocante, chez des antiquaires, sur internet, dans vos greniers&#8230;<\/p>\n<p>Ici, les couleurs sont tr\u00e8s douces, le m\u00e9lange du blanc, du bois et du gris clair s&rsquo;harmonisent parfaitement.<\/p>\n<p>Une ambiance qui dure dans le temps !<\/p>\n<p>&nbsp;<\/p>\n<h4 style=\"text-align: justify;\">Ma s\u00e9lection :<\/h4>\n<p style=\"text-align: justify;\">Cliquez sur les intitul\u00e9s, ils vous dirigeront directement vers les sites vendeurs.<\/p>\n<p><a href=\"https:\/\/www.maisonsdumonde.com\/FR\/fr\/p\/vaisselier-blanc-barbade-130364.htm?page=1\" target=\"_blank\" rel=\"noopener noreferrer\">Vaisselier<\/a> &#8211; <a href=\"https:\/\/www.interiors.fr\/8426-table-drapier-2-tiroirs-en-epicea-massif-natural.html\">Drapier<\/a>\u00a0&#8211; <a href=\"https:\/\/www.hellin.fr\/fauteuil-avec-accoudoirs-en-lin-matelasse-seventies-3741.html#\/55-couleur-creme\" target=\"_blank\" rel=\"noopener noreferrer\">Fauteuil<\/a> &#8211; <a href=\"https:\/\/kavehome.com\/fr\/fr\/lampadaires\/lampadaire-riaz-blanc#gallery-1\" target=\"_blank\" rel=\"noopener noreferrer\">Lampadaire<\/a> &#8211;\u00a0<a href=\"https:\/\/www.alinea.com\/fr-fr\/p\/menara-coussin-en-lin-raye-45x45-cm-26745886.html?lgw_code=9155-26745886&amp;gclid=EAIaIQobChMIyIPR1Lzy5wIVlIjVCh1DtA-cEAQYBiABEgIr_PD_BwE\">Coussin<\/a> &#8211; <a href=\"https:\/\/www.littlegreene.fr\/paint\/colour\/grey-paint-colours\/inox-224\">Peinture<\/a><\/p>\n<p>&nbsp;<\/p>\n<p><img loading=\"lazy\" class=\"aligncenter size-full wp-image-6085\" src=\"http:\/\/r-interieurs.com\/wp-content\/uploads\/2020\/02\/emilie-rieffel-decoration-interieur-strasbourg-interieur-salleamanger-2.png\" alt=\"\" width=\"1024\" height=\"768\" srcset=\"https:\/\/r-interieurs.com\/wp-content\/uploads\/2020\/02\/emilie-rieffel-decoration-interieur-strasbourg-interieur-salleamanger-2.png 1024w, https:\/\/r-interieurs.com\/wp-content\/uploads\/2020\/02\/emilie-rieffel-decoration-interieur-strasbourg-interieur-salleamanger-2-300x225.png 300w, https:\/\/r-interieurs.com\/wp-content\/uploads\/2020\/02\/emilie-rieffel-decoration-interieur-strasbourg-interieur-salleamanger-2-768x576.png 768w\" sizes=\"(max-width: 1024px) 100vw, 1024px\" \/><\/p>\n","protected":false},"excerpt":{"rendered":"<p>La d\u00e9coration campagnarde s&rsquo;est faite une grande place dans nos int\u00e9rieurs ces derniers temps. Son style \u00e9pur\u00e9 et rustique peut plaire \u00e0 toutes les g\u00e9n\u00e9rations \u00e0 condition de bien choisir ses couleurs, ses mati\u00e8res et son mobilier. Sinon, gare \u00e0 [&hellip;]<\/p>\n","protected":false},"author":1,"featured_media":6080,"comment_status":"open","ping_status":"open","sticky":false,"template":"","format":"standard","meta":{"spay_email":""},"categories":[1],"tags":[],"yoast_head":"<!-- This site is optimized with the Yoast SEO plugin v18.4.1 - https:\/\/yoast.com\/wordpress\/plugins\/seo\/ -->\n<title>Un air de campagne - R Int\u00e9rieurs<\/title>\n<meta name=\"robots\" content=\"index, follow, max-snippet:-1, max-image-preview:large, max-video-preview:-1\" \/>\n<link rel=\"canonical\" href=\"https:\/\/r-interieurs.com\/index.php\/2020\/03\/01\/un-air-de-campagne\/\" \/>\n<meta property=\"og:locale\" content=\"fr_FR\" \/>\n<meta property=\"og:type\" content=\"article\" \/>\n<meta property=\"og:title\" content=\"Un air de campagne - R Int\u00e9rieurs\" \/>\n<meta property=\"og:description\" content=\"La d\u00e9coration campagnarde s&rsquo;est faite une grande place dans nos int\u00e9rieurs ces derniers temps. Son style \u00e9pur\u00e9 et rustique peut plaire \u00e0 toutes les g\u00e9n\u00e9rations \u00e0 condition de bien choisir ses couleurs, ses mati\u00e8res et son mobilier. Sinon, gare \u00e0 [&hellip;]\" \/>\n<meta property=\"og:url\" content=\"https:\/\/r-interieurs.com\/index.php\/2020\/03\/01\/un-air-de-campagne\/\" \/>\n<meta property=\"og:site_name\" content=\"R Int\u00e9rieurs\" \/>\n<meta property=\"article:published_time\" content=\"2020-03-01T07:00:15+00:00\" \/>\n<meta property=\"article:modified_time\" content=\"2020-02-27T19:45:37+00:00\" \/>\n<meta property=\"og:image\" content=\"https:\/\/r-interieurs.com\/wp-content\/uploads\/2020\/02\/51-Interior-Design-That-Will-Blow-Your-Mind-Home-Decoration-Experts.jpg\" \/>\n\t<meta property=\"og:image:width\" content=\"564\" \/>\n\t<meta property=\"og:image:height\" content=\"705\" \/>\n\t<meta property=\"og:image:type\" content=\"image\/jpeg\" \/>\n<meta name=\"twitter:card\" content=\"summary_large_image\" \/>\n<meta name=\"twitter:label1\" content=\"\u00c9crit par\" \/>\n\t<meta name=\"twitter:data1\" content=\"Emilie\" \/>\n\t<meta name=\"twitter:label2\" content=\"Dur\u00e9e de lecture estim\u00e9e\" \/>\n\t<meta name=\"twitter:data2\" content=\"1 minute\" \/>\n<script type=\"application\/ld+json\" class=\"yoast-schema-graph\">{\"@context\":\"https:\/\/schema.org\",\"@graph\":[{\"@type\":\"WebSite\",\"@id\":\"https:\/\/r-interieurs.com\/#website\",\"url\":\"https:\/\/r-interieurs.com\/\",\"name\":\"R Int\u00e9rieurs\",\"description\":\"D\u00e9coration int\u00e9rieur Strasbourg\",\"potentialAction\":[{\"@type\":\"SearchAction\",\"target\":{\"@type\":\"EntryPoint\",\"urlTemplate\":\"https:\/\/r-interieurs.com\/?s={search_term_string}\"},\"query-input\":\"required name=search_term_string\"}],\"inLanguage\":\"fr-FR\"},{\"@type\":\"ImageObject\",\"@id\":\"https:\/\/r-interieurs.com\/index.php\/2020\/03\/01\/un-air-de-campagne\/#primaryimage\",\"inLanguage\":\"fr-FR\",\"url\":\"https:\/\/r-interieurs.com\/wp-content\/uploads\/2020\/02\/51-Interior-Design-That-Will-Blow-Your-Mind-Home-Decoration-Experts.jpg\",\"contentUrl\":\"https:\/\/r-interieurs.com\/wp-content\/uploads\/2020\/02\/51-Interior-Design-That-Will-Blow-Your-Mind-Home-Decoration-Experts.jpg\",\"width\":564,\"height\":705},{\"@type\":\"WebPage\",\"@id\":\"https:\/\/r-interieurs.com\/index.php\/2020\/03\/01\/un-air-de-campagne\/#webpage\",\"url\":\"https:\/\/r-interieurs.com\/index.php\/2020\/03\/01\/un-air-de-campagne\/\",\"name\":\"Un air de campagne - R Int\u00e9rieurs\",\"isPartOf\":{\"@id\":\"https:\/\/r-interieurs.com\/#website\"},\"primaryImageOfPage\":{\"@id\":\"https:\/\/r-interieurs.com\/index.php\/2020\/03\/01\/un-air-de-campagne\/#primaryimage\"},\"datePublished\":\"2020-03-01T07:00:15+00:00\",\"dateModified\":\"2020-02-27T19:45:37+00:00\",\"author\":{\"@id\":\"https:\/\/r-interieurs.com\/#\/schema\/person\/b3bfd020a48a222cbed09eae8f5c64e0\"},\"breadcrumb\":{\"@id\":\"https:\/\/r-interieurs.com\/index.php\/2020\/03\/01\/un-air-de-campagne\/#breadcrumb\"},\"inLanguage\":\"fr-FR\",\"potentialAction\":[{\"@type\":\"ReadAction\",\"target\":[\"https:\/\/r-interieurs.com\/index.php\/2020\/03\/01\/un-air-de-campagne\/\"]}]},{\"@type\":\"BreadcrumbList\",\"@id\":\"https:\/\/r-interieurs.com\/index.php\/2020\/03\/01\/un-air-de-campagne\/#breadcrumb\",\"itemListElement\":[{\"@type\":\"ListItem\",\"position\":1,\"name\":\"Accueil\",\"item\":\"https:\/\/r-interieurs.com\/\"},{\"@type\":\"ListItem\",\"position\":2,\"name\":\"Un air de campagne\"}]},{\"@type\":\"Person\",\"@id\":\"https:\/\/r-interieurs.com\/#\/schema\/person\/b3bfd020a48a222cbed09eae8f5c64e0\",\"name\":\"Emilie\",\"image\":{\"@type\":\"ImageObject\",\"@id\":\"https:\/\/r-interieurs.com\/#personlogo\",\"inLanguage\":\"fr-FR\",\"url\":\"https:\/\/secure.gravatar.com\/avatar\/003d8a0735cdcdb60b5d7b0ca440c0ee?s=96&d=mm&r=g\",\"contentUrl\":\"https:\/\/secure.gravatar.com\/avatar\/003d8a0735cdcdb60b5d7b0ca440c0ee?s=96&d=mm&r=g\",\"caption\":\"Emilie\"},\"url\":\"https:\/\/r-interieurs.com\/index.php\/author\/admin1978\/\"}]}<\/script>\n<!-- \/ Yoast SEO plugin. -->","yoast_head_json":{"title":"Un air de campagne - R Int\u00e9rieurs","robots":{"index":"index","follow":"follow","max-snippet":"max-snippet:-1","max-image-preview":"max-image-preview:large","max-video-preview":"max-video-preview:-1"},"canonical":"https:\/\/r-interieurs.com\/index.php\/2020\/03\/01\/un-air-de-campagne\/","og_locale":"fr_FR","og_type":"article","og_title":"Un air de campagne - R Int\u00e9rieurs","og_description":"La d\u00e9coration campagnarde s&rsquo;est faite une grande place dans nos int\u00e9rieurs ces derniers temps. Son style \u00e9pur\u00e9 et rustique peut plaire \u00e0 toutes les g\u00e9n\u00e9rations \u00e0 condition de bien choisir ses couleurs, ses mati\u00e8res et son mobilier. Sinon, gare \u00e0 [&hellip;]","og_url":"https:\/\/r-interieurs.com\/index.php\/2020\/03\/01\/un-air-de-campagne\/","og_site_name":"R Int\u00e9rieurs","article_published_time":"2020-03-01T07:00:15+00:00","article_modified_time":"2020-02-27T19:45:37+00:00","og_image":[{"width":564,"height":705,"url":"https:\/\/r-interieurs.com\/wp-content\/uploads\/2020\/02\/51-Interior-Design-That-Will-Blow-Your-Mind-Home-Decoration-Experts.jpg","type":"image\/jpeg"}],"twitter_card":"summary_large_image","twitter_misc":{"\u00c9crit par":"Emilie","Dur\u00e9e de lecture estim\u00e9e":"1 minute"},"schema":{"@context":"https:\/\/schema.org","@graph":[{"@type":"WebSite","@id":"https:\/\/r-interieurs.com\/#website","url":"https:\/\/r-interieurs.com\/","name":"R Int\u00e9rieurs","description":"D\u00e9coration int\u00e9rieur Strasbourg","potentialAction":[{"@type":"SearchAction","target":{"@type":"EntryPoint","urlTemplate":"https:\/\/r-interieurs.com\/?s={search_term_string}"},"query-input":"required name=search_term_string"}],"inLanguage":"fr-FR"},{"@type":"ImageObject","@id":"https:\/\/r-interieurs.com\/index.php\/2020\/03\/01\/un-air-de-campagne\/#primaryimage","inLanguage":"fr-FR","url":"https:\/\/r-interieurs.com\/wp-content\/uploads\/2020\/02\/51-Interior-Design-That-Will-Blow-Your-Mind-Home-Decoration-Experts.jpg","contentUrl":"https:\/\/r-interieurs.com\/wp-content\/uploads\/2020\/02\/51-Interior-Design-That-Will-Blow-Your-Mind-Home-Decoration-Experts.jpg","width":564,"height":705},{"@type":"WebPage","@id":"https:\/\/r-interieurs.com\/index.php\/2020\/03\/01\/un-air-de-campagne\/#webpage","url":"https:\/\/r-interieurs.com\/index.php\/2020\/03\/01\/un-air-de-campagne\/","name":"Un air de campagne - R Int\u00e9rieurs","isPartOf":{"@id":"https:\/\/r-interieurs.com\/#website"},"primaryImageOfPage":{"@id":"https:\/\/r-interieurs.com\/index.php\/2020\/03\/01\/un-air-de-campagne\/#primaryimage"},"datePublished":"2020-03-01T07:00:15+00:00","dateModified":"2020-02-27T19:45:37+00:00","author":{"@id":"https:\/\/r-interieurs.com\/#\/schema\/person\/b3bfd020a48a222cbed09eae8f5c64e0"},"breadcrumb":{"@id":"https:\/\/r-interieurs.com\/index.php\/2020\/03\/01\/un-air-de-campagne\/#breadcrumb"},"inLanguage":"fr-FR","potentialAction":[{"@type":"ReadAction","target":["https:\/\/r-interieurs.com\/index.php\/2020\/03\/01\/un-air-de-campagne\/"]}]},{"@type":"BreadcrumbList","@id":"https:\/\/r-interieurs.com\/index.php\/2020\/03\/01\/un-air-de-campagne\/#breadcrumb","itemListElement":[{"@type":"ListItem","position":1,"name":"Accueil","item":"https:\/\/r-interieurs.com\/"},{"@type":"ListItem","position":2,"name":"Un air de campagne"}]},{"@type":"Person","@id":"https:\/\/r-interieurs.com\/#\/schema\/person\/b3bfd020a48a222cbed09eae8f5c64e0","name":"Emilie","image":{"@type":"ImageObject","@id":"https:\/\/r-interieurs.com\/#personlogo","inLanguage":"fr-FR","url":"https:\/\/secure.gravatar.com\/avatar\/003d8a0735cdcdb60b5d7b0ca440c0ee?s=96&d=mm&r=g","contentUrl":"https:\/\/secure.gravatar.com\/avatar\/003d8a0735cdcdb60b5d7b0ca440c0ee?s=96&d=mm&r=g","caption":"Emilie"},"url":"https:\/\/r-interieurs.com\/index.php\/author\/admin1978\/"}]}},"jetpack_featured_media_url":"https:\/\/r-interieurs.com\/wp-content\/uploads\/2020\/02\/51-Interior-Design-That-Will-Blow-Your-Mind-Home-Decoration-Experts.jpg","_links":{"self":[{"href":"https:\/\/r-interieurs.com\/index.php\/wp-json\/wp\/v2\/posts\/6079"}],"collection":[{"href":"https:\/\/r-interieurs.com\/index.php\/wp-json\/wp\/v2\/posts"}],"about":[{"href":"https:\/\/r-interieurs.com\/index.php\/wp-json\/wp\/v2\/types\/post"}],"author":[{"embeddable":true,"href":"https:\/\/r-interieurs.com\/index.php\/wp-json\/wp\/v2\/users\/1"}],"replies":[{"embeddable":true,"href":"https:\/\/r-interieurs.com\/index.php\/wp-json\/wp\/v2\/comments?post=6079"}],"version-history":[{"count":2,"href":"https:\/\/r-interieurs.com\/index.php\/wp-json\/wp\/v2\/posts\/6079\/revisions"}],"predecessor-version":[{"id":6086,"href":"https:\/\/r-interieurs.com\/index.php\/wp-json\/wp\/v2\/posts\/6079\/revisions\/6086"}],"wp:featuredmedia":[{"embeddable":true,"href":"https:\/\/r-interieurs.com\/index.php\/wp-json\/wp\/v2\/media\/6080"}],"wp:attachment":[{"href":"https:\/\/r-interieurs.com\/index.php\/wp-json\/wp\/v2\/media?parent=6079"}],"wp:term":[{"taxonomy":"category","embeddable":true,"href":"https:\/\/r-interieurs.com\/index.php\/wp-json\/wp\/v2\/categories?post=6079"},{"taxonomy":"post_tag","embeddable":true,"href":"https:\/\/r-interieurs.com\/index.php\/wp-json\/wp\/v2\/tags?post=6079"}],"curies":[{"name":"wp","href":"https:\/\/api.w.org\/{rel}","templated":true}]}}