{"id":6073,"date":"2020-02-01T07:00:11","date_gmt":"2020-02-01T06:00:11","guid":{"rendered":"http:\/\/r-interieurs.com\/?p=6073"},"modified":"2020-01-26T14:06:43","modified_gmt":"2020-01-26T13:06:43","slug":"on-passe-a-table","status":"publish","type":"post","link":"https:\/\/r-interieurs.com\/index.php\/2020\/02\/01\/on-passe-a-table\/","title":{"rendered":"On passe \u00e0 table&#8230;"},"content":{"rendered":"<p>La salle \u00e0 manger, un lieu convivial o\u00f9 l&rsquo;on partage de bons moments en famille ou entre amis.<\/p>\n<p>Il ne faut pas n\u00e9gliger cet espace si important dans nos int\u00e9rieurs.<\/p>\n<p>Nous allons nous inspirer de cette ambiance chaleureuse et moderne.<\/p>\n<p>Les couleurs vives des fauteuils et des banquettes apportent du dynamisme \u00e0 l&rsquo;ensemble. Le velours a bien sa place, il ram\u00e8ne cet esprit chic et confortable.<\/p>\n<p><em>Petite astuce, si vous n&rsquo;avez pas beaucoup de place autour de votre table pour circuler, pensez \u00e0 la banquette adoss\u00e9e contre un mur. Cela vous donnera l&rsquo;impression d&rsquo;avoir un espace bien structur\u00e9 et pratique.<\/em><\/p>\n<p>&nbsp;<\/p>\n<p>Le <a href=\"https:\/\/www.nedgis.com\/products\/suspension-lanna-laiton-o22cm-h40cm-kundalini\">lien du site<\/a>\u00a0o\u00f9 j&rsquo;ai d\u00e9couvert cette d\u00e9coration. Vous y trouverez les suspensions.<\/p>\n<p>&nbsp;<\/p>\n<h4 style=\"text-align: justify;\">Ma s\u00e9lection :<\/h4>\n<p style=\"text-align: justify;\">Cliquez sur les intitul\u00e9s, ils vous dirigeront directement vers les sites vendeurs.<\/p>\n<p><a href=\"https:\/\/www.nedgis.com\/products\/suspension-lanna-laiton-o22cm-h40cm-kundalini\" target=\"_blank\" rel=\"noopener noreferrer\">Suspension<\/a> &#8211; <a href=\"https:\/\/www.maisonsdumonde.com\/FR\/fr\/p\/chaise-vintage-en-velours-jaune-moutarde-et-bouleau-mauricette-165845.htm\">Chaise<\/a>\u00a0&#8211; <a href=\"https:\/\/www.laredoute.fr\/ppdp\/prod-517529259.aspx?docid=00000000000001&amp;dim1=1004#searchkeyword=banquette&amp;shoppingtool=search\" target=\"_blank\" rel=\"noopener noreferrer\">Banquette<\/a> &#8211; <a href=\"https:\/\/www.ikea.com\/fr\/fr\/p\/lerhamn-table-brun-noir-50444306\/\" target=\"_blank\" rel=\"noopener noreferrer\">Table<\/a> &#8211;\u00a0<a href=\"https:\/\/www.interiors.fr\/11539-vase-decoratif-en-terre-cuite-laitonnee.html\">Vase<\/a> &#8211; <a href=\"https:\/\/www.leroymerlin.fr\/v3\/p\/produits\/rideau-occultant-revolution-beige-l-135-x-h-260-cm-moondream-e1502920495\">Rideau<\/a> &#8211; <a href=\"https:\/\/www.papierspeintsdirect.com\/papier-peint-bois-naturel-beaumanoir-de-lutece--ref-ltc-ll36238-lutece-35328.html\">Papier peint<\/a><\/p>\n<p>&nbsp;<\/p>\n<p><img loading=\"lazy\" class=\"aligncenter size-full wp-image-6077\" src=\"http:\/\/r-interieurs.com\/wp-content\/uploads\/2020\/01\/emilie-rieffel-decoration-interieur-strasbourg-interieur-salleamanger.png\" alt=\"\" width=\"1024\" height=\"768\" srcset=\"https:\/\/r-interieurs.com\/wp-content\/uploads\/2020\/01\/emilie-rieffel-decoration-interieur-strasbourg-interieur-salleamanger.png 1024w, https:\/\/r-interieurs.com\/wp-content\/uploads\/2020\/01\/emilie-rieffel-decoration-interieur-strasbourg-interieur-salleamanger-300x225.png 300w, https:\/\/r-interieurs.com\/wp-content\/uploads\/2020\/01\/emilie-rieffel-decoration-interieur-strasbourg-interieur-salleamanger-768x576.png 768w\" sizes=\"(max-width: 1024px) 100vw, 1024px\" \/><\/p>\n","protected":false},"excerpt":{"rendered":"<p>La salle \u00e0 manger, un lieu convivial o\u00f9 l&rsquo;on partage de bons moments en famille ou entre amis. Il ne faut pas n\u00e9gliger cet espace si important dans nos int\u00e9rieurs. Nous allons nous inspirer de cette ambiance chaleureuse et moderne. [&hellip;]<\/p>\n","protected":false},"author":1,"featured_media":6075,"comment_status":"open","ping_status":"open","sticky":false,"template":"","format":"standard","meta":{"spay_email":""},"categories":[20],"tags":[],"yoast_head":"<!-- This site is optimized with the Yoast SEO plugin v18.4.1 - https:\/\/yoast.com\/wordpress\/plugins\/seo\/ -->\n<title>On passe \u00e0 table... - R Int\u00e9rieurs<\/title>\n<meta name=\"robots\" content=\"index, follow, max-snippet:-1, max-image-preview:large, max-video-preview:-1\" \/>\n<link rel=\"canonical\" href=\"https:\/\/r-interieurs.com\/index.php\/2020\/02\/01\/on-passe-a-table\/\" \/>\n<meta property=\"og:locale\" content=\"fr_FR\" \/>\n<meta property=\"og:type\" content=\"article\" \/>\n<meta property=\"og:title\" content=\"On passe \u00e0 table... - R Int\u00e9rieurs\" \/>\n<meta property=\"og:description\" content=\"La salle \u00e0 manger, un lieu convivial o\u00f9 l&rsquo;on partage de bons moments en famille ou entre amis. Il ne faut pas n\u00e9gliger cet espace si important dans nos int\u00e9rieurs. Nous allons nous inspirer de cette ambiance chaleureuse et moderne. [&hellip;]\" \/>\n<meta property=\"og:url\" content=\"https:\/\/r-interieurs.com\/index.php\/2020\/02\/01\/on-passe-a-table\/\" \/>\n<meta property=\"og:site_name\" content=\"R Int\u00e9rieurs\" \/>\n<meta property=\"article:published_time\" content=\"2020-02-01T06:00:11+00:00\" \/>\n<meta property=\"article:modified_time\" content=\"2020-01-26T13:06:43+00:00\" \/>\n<meta property=\"og:image\" content=\"https:\/\/r-interieurs.com\/wp-content\/uploads\/2020\/01\/lanna_noe-duchaufour-lawrance_suspension-pendant-light-_kundalini_k386320__design_signed-42438-product.jpg\" \/>\n\t<meta property=\"og:image:width\" content=\"774\" \/>\n\t<meta property=\"og:image:height\" content=\"705\" \/>\n\t<meta property=\"og:image:type\" content=\"image\/jpeg\" \/>\n<meta name=\"twitter:card\" content=\"summary_large_image\" \/>\n<meta name=\"twitter:label1\" content=\"\u00c9crit par\" \/>\n\t<meta name=\"twitter:data1\" content=\"Emilie\" \/>\n\t<meta name=\"twitter:label2\" content=\"Dur\u00e9e de lecture estim\u00e9e\" \/>\n\t<meta name=\"twitter:data2\" content=\"1 minute\" \/>\n<script type=\"application\/ld+json\" class=\"yoast-schema-graph\">{\"@context\":\"https:\/\/schema.org\",\"@graph\":[{\"@type\":\"WebSite\",\"@id\":\"https:\/\/r-interieurs.com\/#website\",\"url\":\"https:\/\/r-interieurs.com\/\",\"name\":\"R Int\u00e9rieurs\",\"description\":\"D\u00e9coration int\u00e9rieur Strasbourg\",\"potentialAction\":[{\"@type\":\"SearchAction\",\"target\":{\"@type\":\"EntryPoint\",\"urlTemplate\":\"https:\/\/r-interieurs.com\/?s={search_term_string}\"},\"query-input\":\"required name=search_term_string\"}],\"inLanguage\":\"fr-FR\"},{\"@type\":\"ImageObject\",\"@id\":\"https:\/\/r-interieurs.com\/index.php\/2020\/02\/01\/on-passe-a-table\/#primaryimage\",\"inLanguage\":\"fr-FR\",\"url\":\"https:\/\/r-interieurs.com\/wp-content\/uploads\/2020\/01\/lanna_noe-duchaufour-lawrance_suspension-pendant-light-_kundalini_k386320__design_signed-42438-product.jpg\",\"contentUrl\":\"https:\/\/r-interieurs.com\/wp-content\/uploads\/2020\/01\/lanna_noe-duchaufour-lawrance_suspension-pendant-light-_kundalini_k386320__design_signed-42438-product.jpg\",\"width\":774,\"height\":705},{\"@type\":\"WebPage\",\"@id\":\"https:\/\/r-interieurs.com\/index.php\/2020\/02\/01\/on-passe-a-table\/#webpage\",\"url\":\"https:\/\/r-interieurs.com\/index.php\/2020\/02\/01\/on-passe-a-table\/\",\"name\":\"On passe \u00e0 table... - R Int\u00e9rieurs\",\"isPartOf\":{\"@id\":\"https:\/\/r-interieurs.com\/#website\"},\"primaryImageOfPage\":{\"@id\":\"https:\/\/r-interieurs.com\/index.php\/2020\/02\/01\/on-passe-a-table\/#primaryimage\"},\"datePublished\":\"2020-02-01T06:00:11+00:00\",\"dateModified\":\"2020-01-26T13:06:43+00:00\",\"author\":{\"@id\":\"https:\/\/r-interieurs.com\/#\/schema\/person\/b3bfd020a48a222cbed09eae8f5c64e0\"},\"breadcrumb\":{\"@id\":\"https:\/\/r-interieurs.com\/index.php\/2020\/02\/01\/on-passe-a-table\/#breadcrumb\"},\"inLanguage\":\"fr-FR\",\"potentialAction\":[{\"@type\":\"ReadAction\",\"target\":[\"https:\/\/r-interieurs.com\/index.php\/2020\/02\/01\/on-passe-a-table\/\"]}]},{\"@type\":\"BreadcrumbList\",\"@id\":\"https:\/\/r-interieurs.com\/index.php\/2020\/02\/01\/on-passe-a-table\/#breadcrumb\",\"itemListElement\":[{\"@type\":\"ListItem\",\"position\":1,\"name\":\"Accueil\",\"item\":\"https:\/\/r-interieurs.com\/\"},{\"@type\":\"ListItem\",\"position\":2,\"name\":\"On passe \u00e0 table&#8230;\"}]},{\"@type\":\"Person\",\"@id\":\"https:\/\/r-interieurs.com\/#\/schema\/person\/b3bfd020a48a222cbed09eae8f5c64e0\",\"name\":\"Emilie\",\"image\":{\"@type\":\"ImageObject\",\"@id\":\"https:\/\/r-interieurs.com\/#personlogo\",\"inLanguage\":\"fr-FR\",\"url\":\"https:\/\/secure.gravatar.com\/avatar\/003d8a0735cdcdb60b5d7b0ca440c0ee?s=96&d=mm&r=g\",\"contentUrl\":\"https:\/\/secure.gravatar.com\/avatar\/003d8a0735cdcdb60b5d7b0ca440c0ee?s=96&d=mm&r=g\",\"caption\":\"Emilie\"},\"url\":\"https:\/\/r-interieurs.com\/index.php\/author\/admin1978\/\"}]}<\/script>\n<!-- \/ Yoast SEO plugin. -->","yoast_head_json":{"title":"On passe \u00e0 table... - R Int\u00e9rieurs","robots":{"index":"index","follow":"follow","max-snippet":"max-snippet:-1","max-image-preview":"max-image-preview:large","max-video-preview":"max-video-preview:-1"},"canonical":"https:\/\/r-interieurs.com\/index.php\/2020\/02\/01\/on-passe-a-table\/","og_locale":"fr_FR","og_type":"article","og_title":"On passe \u00e0 table... - R Int\u00e9rieurs","og_description":"La salle \u00e0 manger, un lieu convivial o\u00f9 l&rsquo;on partage de bons moments en famille ou entre amis. Il ne faut pas n\u00e9gliger cet espace si important dans nos int\u00e9rieurs. Nous allons nous inspirer de cette ambiance chaleureuse et moderne. [&hellip;]","og_url":"https:\/\/r-interieurs.com\/index.php\/2020\/02\/01\/on-passe-a-table\/","og_site_name":"R Int\u00e9rieurs","article_published_time":"2020-02-01T06:00:11+00:00","article_modified_time":"2020-01-26T13:06:43+00:00","og_image":[{"width":774,"height":705,"url":"https:\/\/r-interieurs.com\/wp-content\/uploads\/2020\/01\/lanna_noe-duchaufour-lawrance_suspension-pendant-light-_kundalini_k386320__design_signed-42438-product.jpg","type":"image\/jpeg"}],"twitter_card":"summary_large_image","twitter_misc":{"\u00c9crit par":"Emilie","Dur\u00e9e de lecture estim\u00e9e":"1 minute"},"schema":{"@context":"https:\/\/schema.org","@graph":[{"@type":"WebSite","@id":"https:\/\/r-interieurs.com\/#website","url":"https:\/\/r-interieurs.com\/","name":"R Int\u00e9rieurs","description":"D\u00e9coration int\u00e9rieur Strasbourg","potentialAction":[{"@type":"SearchAction","target":{"@type":"EntryPoint","urlTemplate":"https:\/\/r-interieurs.com\/?s={search_term_string}"},"query-input":"required name=search_term_string"}],"inLanguage":"fr-FR"},{"@type":"ImageObject","@id":"https:\/\/r-interieurs.com\/index.php\/2020\/02\/01\/on-passe-a-table\/#primaryimage","inLanguage":"fr-FR","url":"https:\/\/r-interieurs.com\/wp-content\/uploads\/2020\/01\/lanna_noe-duchaufour-lawrance_suspension-pendant-light-_kundalini_k386320__design_signed-42438-product.jpg","contentUrl":"https:\/\/r-interieurs.com\/wp-content\/uploads\/2020\/01\/lanna_noe-duchaufour-lawrance_suspension-pendant-light-_kundalini_k386320__design_signed-42438-product.jpg","width":774,"height":705},{"@type":"WebPage","@id":"https:\/\/r-interieurs.com\/index.php\/2020\/02\/01\/on-passe-a-table\/#webpage","url":"https:\/\/r-interieurs.com\/index.php\/2020\/02\/01\/on-passe-a-table\/","name":"On passe \u00e0 table... - R Int\u00e9rieurs","isPartOf":{"@id":"https:\/\/r-interieurs.com\/#website"},"primaryImageOfPage":{"@id":"https:\/\/r-interieurs.com\/index.php\/2020\/02\/01\/on-passe-a-table\/#primaryimage"},"datePublished":"2020-02-01T06:00:11+00:00","dateModified":"2020-01-26T13:06:43+00:00","author":{"@id":"https:\/\/r-interieurs.com\/#\/schema\/person\/b3bfd020a48a222cbed09eae8f5c64e0"},"breadcrumb":{"@id":"https:\/\/r-interieurs.com\/index.php\/2020\/02\/01\/on-passe-a-table\/#breadcrumb"},"inLanguage":"fr-FR","potentialAction":[{"@type":"ReadAction","target":["https:\/\/r-interieurs.com\/index.php\/2020\/02\/01\/on-passe-a-table\/"]}]},{"@type":"BreadcrumbList","@id":"https:\/\/r-interieurs.com\/index.php\/2020\/02\/01\/on-passe-a-table\/#breadcrumb","itemListElement":[{"@type":"ListItem","position":1,"name":"Accueil","item":"https:\/\/r-interieurs.com\/"},{"@type":"ListItem","position":2,"name":"On passe \u00e0 table&#8230;"}]},{"@type":"Person","@id":"https:\/\/r-interieurs.com\/#\/schema\/person\/b3bfd020a48a222cbed09eae8f5c64e0","name":"Emilie","image":{"@type":"ImageObject","@id":"https:\/\/r-interieurs.com\/#personlogo","inLanguage":"fr-FR","url":"https:\/\/secure.gravatar.com\/avatar\/003d8a0735cdcdb60b5d7b0ca440c0ee?s=96&d=mm&r=g","contentUrl":"https:\/\/secure.gravatar.com\/avatar\/003d8a0735cdcdb60b5d7b0ca440c0ee?s=96&d=mm&r=g","caption":"Emilie"},"url":"https:\/\/r-interieurs.com\/index.php\/author\/admin1978\/"}]}},"jetpack_featured_media_url":"https:\/\/r-interieurs.com\/wp-content\/uploads\/2020\/01\/lanna_noe-duchaufour-lawrance_suspension-pendant-light-_kundalini_k386320__design_signed-42438-product.jpg","_links":{"self":[{"href":"https:\/\/r-interieurs.com\/index.php\/wp-json\/wp\/v2\/posts\/6073"}],"collection":[{"href":"https:\/\/r-interieurs.com\/index.php\/wp-json\/wp\/v2\/posts"}],"about":[{"href":"https:\/\/r-interieurs.com\/index.php\/wp-json\/wp\/v2\/types\/post"}],"author":[{"embeddable":true,"href":"https:\/\/r-interieurs.com\/index.php\/wp-json\/wp\/v2\/users\/1"}],"replies":[{"embeddable":true,"href":"https:\/\/r-interieurs.com\/index.php\/wp-json\/wp\/v2\/comments?post=6073"}],"version-history":[{"count":3,"href":"https:\/\/r-interieurs.com\/index.php\/wp-json\/wp\/v2\/posts\/6073\/revisions"}],"predecessor-version":[{"id":6078,"href":"https:\/\/r-interieurs.com\/index.php\/wp-json\/wp\/v2\/posts\/6073\/revisions\/6078"}],"wp:featuredmedia":[{"embeddable":true,"href":"https:\/\/r-interieurs.com\/index.php\/wp-json\/wp\/v2\/media\/6075"}],"wp:attachment":[{"href":"https:\/\/r-interieurs.com\/index.php\/wp-json\/wp\/v2\/media?parent=6073"}],"wp:term":[{"taxonomy":"category","embeddable":true,"href":"https:\/\/r-interieurs.com\/index.php\/wp-json\/wp\/v2\/categories?post=6073"},{"taxonomy":"post_tag","embeddable":true,"href":"https:\/\/r-interieurs.com\/index.php\/wp-json\/wp\/v2\/tags?post=6073"}],"curies":[{"name":"wp","href":"https:\/\/api.w.org\/{rel}","templated":true}]}}