{"id":6030,"date":"2019-12-01T07:00:03","date_gmt":"2019-12-01T06:00:03","guid":{"rendered":"http:\/\/r-interieurs.com\/?p=6030"},"modified":"2019-11-11T17:58:29","modified_gmt":"2019-11-11T16:58:29","slug":"mon-beau-sapin","status":"publish","type":"post","link":"https:\/\/r-interieurs.com\/index.php\/2019\/12\/01\/mon-beau-sapin\/","title":{"rendered":"Mon beau sapin&#8230;"},"content":{"rendered":"<p>Eh oui, No\u00ebl approche \u00e0 grands pas et il faut commencer \u00e0 pr\u00e9parer notre d\u00e9coration int\u00e9rieure et ext\u00e9rieure !<\/p>\n<p>Les rayons des magasins se remplissent et nous proposent de nombreuses belles choses pour embellir nos tables, notre sapin, notre maison&#8230; Difficile de s&rsquo;y retrouver n&rsquo;est-ce pas ?<\/p>\n<p>Je vous propose une petite s\u00e9lection d&rsquo;objets pour d\u00e9corer votre sapin sur le th\u00e8me Blanc et Argent\u00e9.<\/p>\n<p>&nbsp;<\/p>\n<p>Vous trouverez <a href=\"http:\/\/www.decotendency.com\/idee-deco\/idees-pour-decorer-votre-sapin-de-noel-48569\">le lien du site<\/a> qui donne plusieurs id\u00e9es pour faire de votre sapin le roi de No\u00ebl !<\/p>\n<p>&nbsp;<\/p>\n<h4 style=\"text-align: justify;\">Ma s\u00e9lection :<\/h4>\n<p style=\"text-align: justify;\">Cliquez sur les intitul\u00e9s, ils vous dirigeront directement vers les sites vendeurs.<\/p>\n<p><a href=\"https:\/\/www.maisonsdumonde.com\/FR\/fr\/p\/suspension-de-noel-chat-en-tutu-145469.htm?page=1\" target=\"_blank\" rel=\"noopener noreferrer\">Chat tutu<\/a> &#8211; <a href=\"https:\/\/www.maisonsdumonde.com\/FR\/fr\/p\/boule-de-noel-lumineuse-en-verre-et-led-blanche-162647.htm?page=2\">Boule LED<\/a>\u00a0&#8211; <a href=\"https:\/\/www.maisonsdumonde.com\/FR\/fr\/p\/suspension-de-noel-etoile-blanche-a-paillettes-orion-107881.htm?page=3\" target=\"_blank\" rel=\"noopener noreferrer\">Suspension Orion<\/a> &#8211; <a href=\"https:\/\/www.gifi.fr\/351138-boule-de-noel-perle-blanche.html\" target=\"_blank\" rel=\"noopener noreferrer\">Boule perles<\/a> &#8211; <a href=\"https:\/\/www.gifi.fr\/457804-decoration-poinsettia-blanche-noel.html\" target=\"_blank\" rel=\"noopener noreferrer\">Poinsettias<\/a> &#8211; <a href=\"https:\/\/www.botanic.com\/produit\/286402\/peluche-chouette-grise-a-suspendre-8-cm-de-haut.html\">Chouette<\/a> &#8211; <a href=\"https:\/\/www.jardiland.com\/branche-boucle-blanc-h83cm-1538253.html\">Branche<\/a> &#8211; <a href=\"https:\/\/www.lafoirfouille.fr\/festif\/grands-evenements\/noel\/p\/Pince-colombe-pailletee-polystyrene-et-plumes-20-x-6-x-h-4-5-cm-blanc-10000171934.html\">Colombe<\/a><\/p>\n<p>&nbsp;<\/p>\n<p>&nbsp;<\/p>\n<p><img loading=\"lazy\" class=\"aligncenter size-full wp-image-6058\" src=\"http:\/\/r-interieurs.com\/wp-content\/uploads\/2019\/11\/Copie-de-Copie-de-emilie-rieffel-decoration-interieur-strasbourg-interieur-masculin-selection.png\" alt=\"\" width=\"1024\" height=\"768\" srcset=\"https:\/\/r-interieurs.com\/wp-content\/uploads\/2019\/11\/Copie-de-Copie-de-emilie-rieffel-decoration-interieur-strasbourg-interieur-masculin-selection.png 1024w, https:\/\/r-interieurs.com\/wp-content\/uploads\/2019\/11\/Copie-de-Copie-de-emilie-rieffel-decoration-interieur-strasbourg-interieur-masculin-selection-300x225.png 300w, https:\/\/r-interieurs.com\/wp-content\/uploads\/2019\/11\/Copie-de-Copie-de-emilie-rieffel-decoration-interieur-strasbourg-interieur-masculin-selection-768x576.png 768w\" sizes=\"(max-width: 1024px) 100vw, 1024px\" \/><\/p>\n","protected":false},"excerpt":{"rendered":"<p>Eh oui, No\u00ebl approche \u00e0 grands pas et il faut commencer \u00e0 pr\u00e9parer notre d\u00e9coration int\u00e9rieure et ext\u00e9rieure ! Les rayons des magasins se remplissent et nous proposent de nombreuses belles choses pour embellir nos tables, notre sapin, notre maison&#8230; [&hellip;]<\/p>\n","protected":false},"author":1,"featured_media":6057,"comment_status":"open","ping_status":"open","sticky":false,"template":"","format":"standard","meta":{"spay_email":""},"categories":[239],"tags":[],"yoast_head":"<!-- This site is optimized with the Yoast SEO plugin v18.4.1 - https:\/\/yoast.com\/wordpress\/plugins\/seo\/ -->\n<title>Mon beau sapin... - R Int\u00e9rieurs<\/title>\n<meta name=\"robots\" content=\"index, follow, max-snippet:-1, max-image-preview:large, max-video-preview:-1\" \/>\n<link rel=\"canonical\" href=\"https:\/\/r-interieurs.com\/index.php\/2019\/12\/01\/mon-beau-sapin\/\" \/>\n<meta property=\"og:locale\" content=\"fr_FR\" \/>\n<meta property=\"og:type\" content=\"article\" \/>\n<meta property=\"og:title\" content=\"Mon beau sapin... - R Int\u00e9rieurs\" \/>\n<meta property=\"og:description\" content=\"Eh oui, No\u00ebl approche \u00e0 grands pas et il faut commencer \u00e0 pr\u00e9parer notre d\u00e9coration int\u00e9rieure et ext\u00e9rieure ! Les rayons des magasins se remplissent et nous proposent de nombreuses belles choses pour embellir nos tables, notre sapin, notre maison&#8230; [&hellip;]\" \/>\n<meta property=\"og:url\" content=\"https:\/\/r-interieurs.com\/index.php\/2019\/12\/01\/mon-beau-sapin\/\" \/>\n<meta property=\"og:site_name\" content=\"R Int\u00e9rieurs\" \/>\n<meta property=\"article:published_time\" content=\"2019-12-01T06:00:03+00:00\" \/>\n<meta property=\"article:modified_time\" content=\"2019-11-11T16:58:29+00:00\" \/>\n<meta property=\"og:image\" content=\"https:\/\/r-interieurs.com\/wp-content\/uploads\/2019\/11\/Id\u00e9es-de-d\u00e9coration-de-sapin-de-No\u00ebl-les-merveilles-de-lhiver.png\" \/>\n\t<meta property=\"og:image:width\" content=\"736\" \/>\n\t<meta property=\"og:image:height\" content=\"1102\" \/>\n\t<meta property=\"og:image:type\" content=\"image\/png\" \/>\n<meta name=\"twitter:card\" content=\"summary_large_image\" \/>\n<meta name=\"twitter:label1\" content=\"\u00c9crit par\" \/>\n\t<meta name=\"twitter:data1\" content=\"Emilie\" \/>\n\t<meta name=\"twitter:label2\" content=\"Dur\u00e9e de lecture estim\u00e9e\" \/>\n\t<meta name=\"twitter:data2\" content=\"1 minute\" \/>\n<script type=\"application\/ld+json\" class=\"yoast-schema-graph\">{\"@context\":\"https:\/\/schema.org\",\"@graph\":[{\"@type\":\"WebSite\",\"@id\":\"https:\/\/r-interieurs.com\/#website\",\"url\":\"https:\/\/r-interieurs.com\/\",\"name\":\"R Int\u00e9rieurs\",\"description\":\"D\u00e9coration int\u00e9rieur Strasbourg\",\"potentialAction\":[{\"@type\":\"SearchAction\",\"target\":{\"@type\":\"EntryPoint\",\"urlTemplate\":\"https:\/\/r-interieurs.com\/?s={search_term_string}\"},\"query-input\":\"required name=search_term_string\"}],\"inLanguage\":\"fr-FR\"},{\"@type\":\"ImageObject\",\"@id\":\"https:\/\/r-interieurs.com\/index.php\/2019\/12\/01\/mon-beau-sapin\/#primaryimage\",\"inLanguage\":\"fr-FR\",\"url\":\"https:\/\/r-interieurs.com\/wp-content\/uploads\/2019\/11\/Id\u00e9es-de-d\u00e9coration-de-sapin-de-No\u00ebl-les-merveilles-de-lhiver.png\",\"contentUrl\":\"https:\/\/r-interieurs.com\/wp-content\/uploads\/2019\/11\/Id\u00e9es-de-d\u00e9coration-de-sapin-de-No\u00ebl-les-merveilles-de-lhiver.png\",\"width\":736,\"height\":1102},{\"@type\":\"WebPage\",\"@id\":\"https:\/\/r-interieurs.com\/index.php\/2019\/12\/01\/mon-beau-sapin\/#webpage\",\"url\":\"https:\/\/r-interieurs.com\/index.php\/2019\/12\/01\/mon-beau-sapin\/\",\"name\":\"Mon beau sapin... - R Int\u00e9rieurs\",\"isPartOf\":{\"@id\":\"https:\/\/r-interieurs.com\/#website\"},\"primaryImageOfPage\":{\"@id\":\"https:\/\/r-interieurs.com\/index.php\/2019\/12\/01\/mon-beau-sapin\/#primaryimage\"},\"datePublished\":\"2019-12-01T06:00:03+00:00\",\"dateModified\":\"2019-11-11T16:58:29+00:00\",\"author\":{\"@id\":\"https:\/\/r-interieurs.com\/#\/schema\/person\/b3bfd020a48a222cbed09eae8f5c64e0\"},\"breadcrumb\":{\"@id\":\"https:\/\/r-interieurs.com\/index.php\/2019\/12\/01\/mon-beau-sapin\/#breadcrumb\"},\"inLanguage\":\"fr-FR\",\"potentialAction\":[{\"@type\":\"ReadAction\",\"target\":[\"https:\/\/r-interieurs.com\/index.php\/2019\/12\/01\/mon-beau-sapin\/\"]}]},{\"@type\":\"BreadcrumbList\",\"@id\":\"https:\/\/r-interieurs.com\/index.php\/2019\/12\/01\/mon-beau-sapin\/#breadcrumb\",\"itemListElement\":[{\"@type\":\"ListItem\",\"position\":1,\"name\":\"Accueil\",\"item\":\"https:\/\/r-interieurs.com\/\"},{\"@type\":\"ListItem\",\"position\":2,\"name\":\"Mon beau sapin&#8230;\"}]},{\"@type\":\"Person\",\"@id\":\"https:\/\/r-interieurs.com\/#\/schema\/person\/b3bfd020a48a222cbed09eae8f5c64e0\",\"name\":\"Emilie\",\"image\":{\"@type\":\"ImageObject\",\"@id\":\"https:\/\/r-interieurs.com\/#personlogo\",\"inLanguage\":\"fr-FR\",\"url\":\"https:\/\/secure.gravatar.com\/avatar\/003d8a0735cdcdb60b5d7b0ca440c0ee?s=96&d=mm&r=g\",\"contentUrl\":\"https:\/\/secure.gravatar.com\/avatar\/003d8a0735cdcdb60b5d7b0ca440c0ee?s=96&d=mm&r=g\",\"caption\":\"Emilie\"},\"url\":\"https:\/\/r-interieurs.com\/index.php\/author\/admin1978\/\"}]}<\/script>\n<!-- \/ Yoast SEO plugin. -->","yoast_head_json":{"title":"Mon beau sapin... - R Int\u00e9rieurs","robots":{"index":"index","follow":"follow","max-snippet":"max-snippet:-1","max-image-preview":"max-image-preview:large","max-video-preview":"max-video-preview:-1"},"canonical":"https:\/\/r-interieurs.com\/index.php\/2019\/12\/01\/mon-beau-sapin\/","og_locale":"fr_FR","og_type":"article","og_title":"Mon beau sapin... - R Int\u00e9rieurs","og_description":"Eh oui, No\u00ebl approche \u00e0 grands pas et il faut commencer \u00e0 pr\u00e9parer notre d\u00e9coration int\u00e9rieure et ext\u00e9rieure ! Les rayons des magasins se remplissent et nous proposent de nombreuses belles choses pour embellir nos tables, notre sapin, notre maison&#8230; [&hellip;]","og_url":"https:\/\/r-interieurs.com\/index.php\/2019\/12\/01\/mon-beau-sapin\/","og_site_name":"R Int\u00e9rieurs","article_published_time":"2019-12-01T06:00:03+00:00","article_modified_time":"2019-11-11T16:58:29+00:00","og_image":[{"width":736,"height":1102,"url":"https:\/\/r-interieurs.com\/wp-content\/uploads\/2019\/11\/Id\u00e9es-de-d\u00e9coration-de-sapin-de-No\u00ebl-les-merveilles-de-lhiver.png","type":"image\/png"}],"twitter_card":"summary_large_image","twitter_misc":{"\u00c9crit par":"Emilie","Dur\u00e9e de lecture estim\u00e9e":"1 minute"},"schema":{"@context":"https:\/\/schema.org","@graph":[{"@type":"WebSite","@id":"https:\/\/r-interieurs.com\/#website","url":"https:\/\/r-interieurs.com\/","name":"R Int\u00e9rieurs","description":"D\u00e9coration int\u00e9rieur Strasbourg","potentialAction":[{"@type":"SearchAction","target":{"@type":"EntryPoint","urlTemplate":"https:\/\/r-interieurs.com\/?s={search_term_string}"},"query-input":"required name=search_term_string"}],"inLanguage":"fr-FR"},{"@type":"ImageObject","@id":"https:\/\/r-interieurs.com\/index.php\/2019\/12\/01\/mon-beau-sapin\/#primaryimage","inLanguage":"fr-FR","url":"https:\/\/r-interieurs.com\/wp-content\/uploads\/2019\/11\/Id\u00e9es-de-d\u00e9coration-de-sapin-de-No\u00ebl-les-merveilles-de-lhiver.png","contentUrl":"https:\/\/r-interieurs.com\/wp-content\/uploads\/2019\/11\/Id\u00e9es-de-d\u00e9coration-de-sapin-de-No\u00ebl-les-merveilles-de-lhiver.png","width":736,"height":1102},{"@type":"WebPage","@id":"https:\/\/r-interieurs.com\/index.php\/2019\/12\/01\/mon-beau-sapin\/#webpage","url":"https:\/\/r-interieurs.com\/index.php\/2019\/12\/01\/mon-beau-sapin\/","name":"Mon beau sapin... - R Int\u00e9rieurs","isPartOf":{"@id":"https:\/\/r-interieurs.com\/#website"},"primaryImageOfPage":{"@id":"https:\/\/r-interieurs.com\/index.php\/2019\/12\/01\/mon-beau-sapin\/#primaryimage"},"datePublished":"2019-12-01T06:00:03+00:00","dateModified":"2019-11-11T16:58:29+00:00","author":{"@id":"https:\/\/r-interieurs.com\/#\/schema\/person\/b3bfd020a48a222cbed09eae8f5c64e0"},"breadcrumb":{"@id":"https:\/\/r-interieurs.com\/index.php\/2019\/12\/01\/mon-beau-sapin\/#breadcrumb"},"inLanguage":"fr-FR","potentialAction":[{"@type":"ReadAction","target":["https:\/\/r-interieurs.com\/index.php\/2019\/12\/01\/mon-beau-sapin\/"]}]},{"@type":"BreadcrumbList","@id":"https:\/\/r-interieurs.com\/index.php\/2019\/12\/01\/mon-beau-sapin\/#breadcrumb","itemListElement":[{"@type":"ListItem","position":1,"name":"Accueil","item":"https:\/\/r-interieurs.com\/"},{"@type":"ListItem","position":2,"name":"Mon beau sapin&#8230;"}]},{"@type":"Person","@id":"https:\/\/r-interieurs.com\/#\/schema\/person\/b3bfd020a48a222cbed09eae8f5c64e0","name":"Emilie","image":{"@type":"ImageObject","@id":"https:\/\/r-interieurs.com\/#personlogo","inLanguage":"fr-FR","url":"https:\/\/secure.gravatar.com\/avatar\/003d8a0735cdcdb60b5d7b0ca440c0ee?s=96&d=mm&r=g","contentUrl":"https:\/\/secure.gravatar.com\/avatar\/003d8a0735cdcdb60b5d7b0ca440c0ee?s=96&d=mm&r=g","caption":"Emilie"},"url":"https:\/\/r-interieurs.com\/index.php\/author\/admin1978\/"}]}},"jetpack_featured_media_url":"https:\/\/r-interieurs.com\/wp-content\/uploads\/2019\/11\/Id\u00e9es-de-d\u00e9coration-de-sapin-de-No\u00ebl-les-merveilles-de-lhiver.png","_links":{"self":[{"href":"https:\/\/r-interieurs.com\/index.php\/wp-json\/wp\/v2\/posts\/6030"}],"collection":[{"href":"https:\/\/r-interieurs.com\/index.php\/wp-json\/wp\/v2\/posts"}],"about":[{"href":"https:\/\/r-interieurs.com\/index.php\/wp-json\/wp\/v2\/types\/post"}],"author":[{"embeddable":true,"href":"https:\/\/r-interieurs.com\/index.php\/wp-json\/wp\/v2\/users\/1"}],"replies":[{"embeddable":true,"href":"https:\/\/r-interieurs.com\/index.php\/wp-json\/wp\/v2\/comments?post=6030"}],"version-history":[{"count":3,"href":"https:\/\/r-interieurs.com\/index.php\/wp-json\/wp\/v2\/posts\/6030\/revisions"}],"predecessor-version":[{"id":6060,"href":"https:\/\/r-interieurs.com\/index.php\/wp-json\/wp\/v2\/posts\/6030\/revisions\/6060"}],"wp:featuredmedia":[{"embeddable":true,"href":"https:\/\/r-interieurs.com\/index.php\/wp-json\/wp\/v2\/media\/6057"}],"wp:attachment":[{"href":"https:\/\/r-interieurs.com\/index.php\/wp-json\/wp\/v2\/media?parent=6030"}],"wp:term":[{"taxonomy":"category","embeddable":true,"href":"https:\/\/r-interieurs.com\/index.php\/wp-json\/wp\/v2\/categories?post=6030"},{"taxonomy":"post_tag","embeddable":true,"href":"https:\/\/r-interieurs.com\/index.php\/wp-json\/wp\/v2\/tags?post=6030"}],"curies":[{"name":"wp","href":"https:\/\/api.w.org\/{rel}","templated":true}]}}