{"id":5939,"date":"2019-07-15T07:00:37","date_gmt":"2019-07-15T05:00:37","guid":{"rendered":"http:\/\/r-interieurs.com\/?p=5939"},"modified":"2019-10-20T14:08:18","modified_gmt":"2019-10-20T12:08:18","slug":"cuisine-green","status":"publish","type":"post","link":"https:\/\/r-interieurs.com\/index.php\/2019\/07\/15\/cuisine-green\/","title":{"rendered":"Cuisine Green"},"content":{"rendered":"<p>Pourquoi vouloir \u00e0 tout prix changer enti\u00e8rement de cuisine et d\u00e9penser une fortune quand on a d\u00e9j\u00e0 ce qu&rsquo;il faut \u00e0 la maison ?<\/p>\n<p>Aujourd&rsquo;hui, il existe tellement de fa\u00e7on de relooker sa cuisine \u00e0 co\u00fbt mod\u00e9r\u00e9.<\/p>\n<p>Si l&rsquo;agencement de votre cuisine actuelle vous convient mais que le style ne vous pla\u00eet plus, pas de panique !<\/p>\n<p>Il vous suffit d&rsquo;un peu d&rsquo;huile de coude, de quelques pots de peinture, de nouveaux accessoires d\u00e9co et le tour est jou\u00e9.<\/p>\n<p>&nbsp;<\/p>\n<p>J&rsquo;ai d\u00e9cid\u00e9 de vous montrer ici une cuisine verte pour changer du gris, blanc, noir&#8230; que l&rsquo;on voit partout.<\/p>\n<p>Cette couleur redevient \u00ab\u00a0tendance\u00a0\u00bb et elle se marie tr\u00e8s bien avec le dor\u00e9, le b\u00e9ton, le blanc&#8230;<\/p>\n<p>Je trouve celle-ci tr\u00e8s chic et moderne. Qu&rsquo;en pensez-vous ?<\/p>\n<p>&nbsp;<\/p>\n<p><a href=\"https:\/\/www.pinterest.fr\/pin\/491947959296140673\/\">Article d\u00e9nich\u00e9 sur Pinterest\u00a0<\/a><\/p>\n<p>&nbsp;<\/p>\n<p><b>MA S\u00c9LECTION :<\/b><\/p>\n<p>Cliquez sur les intitul\u00e9s, ils vous dirigeront directement vers les sites vendeurs.<\/p>\n<p><a href=\"https:\/\/www.ikea.com\/fr\/fr\/p\/saevedal-porte-blanc-50418878\/\">Porte de cuisine<\/a> &#8211; <a href=\"https:\/\/www.littlegreene.com\/paint\/collection\/green\/puck\">Peinture<\/a> &#8211; <a href=\"https:\/\/www.made.com\/fr\/belden-table-ronde-verre-fume-et-laiton-brosse\">Table<\/a> &#8211; <a href=\"https:\/\/www.maisonsdumonde.com\/FR\/fr\/p\/suspension-15-globes-en-verre-teinte-noir-et-metal-dore-astre-189354.htm?page=1\">Suspension<\/a> &#8211; <a href=\"https:\/\/www.nvgallery.com\/chaises\/120-chaise-wayne-velours-metal.html?ipa=1477\">Chaise<\/a> &#8211; <a href=\"https:\/\/www.leroymerlin.fr\/v3\/p\/produits\/mitigeur-de-lavabo-dore-brillant-grohe-essence-corps-lisse-xl-e1502330060\">Mitigeur<\/a> &#8211; <a href=\"https:\/\/www.ikea.com\/fr\/fr\/p\/stilren-vase-blanc-10442045\/\">Vase<\/a> &#8211; <a href=\"https:\/\/www.saint-maclou.com\/sol-vinyle-booster-aspect-beton-gris-rouleau-4-m.html\">Sol vinyle<\/a><\/p>\n<p>&nbsp;<\/p>\n<p><img loading=\"lazy\" class=\"aligncenter size-full wp-image-5942\" src=\"http:\/\/r-interieurs.com\/wp-content\/uploads\/2019\/06\/Copie-de-Copie-de-Copie-de-Copie-de-Copie-de-Copie-de-emilie-rieffel-decoration-interieur-strasbourg-interieur-masculin-selection-1.png\" alt=\"\" width=\"1024\" height=\"768\" srcset=\"https:\/\/r-interieurs.com\/wp-content\/uploads\/2019\/06\/Copie-de-Copie-de-Copie-de-Copie-de-Copie-de-Copie-de-emilie-rieffel-decoration-interieur-strasbourg-interieur-masculin-selection-1.png 1024w, https:\/\/r-interieurs.com\/wp-content\/uploads\/2019\/06\/Copie-de-Copie-de-Copie-de-Copie-de-Copie-de-Copie-de-emilie-rieffel-decoration-interieur-strasbourg-interieur-masculin-selection-1-300x225.png 300w, https:\/\/r-interieurs.com\/wp-content\/uploads\/2019\/06\/Copie-de-Copie-de-Copie-de-Copie-de-Copie-de-Copie-de-emilie-rieffel-decoration-interieur-strasbourg-interieur-masculin-selection-1-768x576.png 768w\" sizes=\"(max-width: 1024px) 100vw, 1024px\" \/><\/p>\n","protected":false},"excerpt":{"rendered":"<p>Pourquoi vouloir \u00e0 tout prix changer enti\u00e8rement de cuisine et d\u00e9penser une fortune quand on a d\u00e9j\u00e0 ce qu&rsquo;il faut \u00e0 la maison ? Aujourd&rsquo;hui, il existe tellement de fa\u00e7on de relooker sa cuisine \u00e0 co\u00fbt mod\u00e9r\u00e9. Si l&rsquo;agencement de [&hellip;]<\/p>\n","protected":false},"author":1,"featured_media":5940,"comment_status":"open","ping_status":"open","sticky":false,"template":"","format":"standard","meta":{"spay_email":""},"categories":[20],"tags":[],"yoast_head":"<!-- This site is optimized with the Yoast SEO plugin v18.4.1 - https:\/\/yoast.com\/wordpress\/plugins\/seo\/ -->\n<title>Cuisine Green - R Int\u00e9rieurs<\/title>\n<meta name=\"robots\" content=\"index, follow, max-snippet:-1, max-image-preview:large, max-video-preview:-1\" \/>\n<link rel=\"canonical\" href=\"https:\/\/r-interieurs.com\/index.php\/2019\/07\/15\/cuisine-green\/\" \/>\n<meta property=\"og:locale\" content=\"fr_FR\" \/>\n<meta property=\"og:type\" content=\"article\" \/>\n<meta property=\"og:title\" content=\"Cuisine Green - R Int\u00e9rieurs\" \/>\n<meta property=\"og:description\" content=\"Pourquoi vouloir \u00e0 tout prix changer enti\u00e8rement de cuisine et d\u00e9penser une fortune quand on a d\u00e9j\u00e0 ce qu&rsquo;il faut \u00e0 la maison ? Aujourd&rsquo;hui, il existe tellement de fa\u00e7on de relooker sa cuisine \u00e0 co\u00fbt mod\u00e9r\u00e9. Si l&rsquo;agencement de [&hellip;]\" \/>\n<meta property=\"og:url\" content=\"https:\/\/r-interieurs.com\/index.php\/2019\/07\/15\/cuisine-green\/\" \/>\n<meta property=\"og:site_name\" content=\"R Int\u00e9rieurs\" \/>\n<meta property=\"article:published_time\" content=\"2019-07-15T05:00:37+00:00\" \/>\n<meta property=\"article:modified_time\" content=\"2019-10-20T12:08:18+00:00\" \/>\n<meta property=\"og:image\" content=\"https:\/\/r-interieurs.com\/wp-content\/uploads\/2019\/06\/9aa29b9157e2d16ebe79697eb1687ed2.jpg\" \/>\n\t<meta property=\"og:image:width\" content=\"564\" \/>\n\t<meta property=\"og:image:height\" content=\"705\" \/>\n\t<meta property=\"og:image:type\" content=\"image\/jpeg\" \/>\n<meta name=\"twitter:card\" content=\"summary_large_image\" \/>\n<meta name=\"twitter:label1\" content=\"\u00c9crit par\" \/>\n\t<meta name=\"twitter:data1\" content=\"Emilie\" \/>\n\t<meta name=\"twitter:label2\" content=\"Dur\u00e9e de lecture estim\u00e9e\" \/>\n\t<meta name=\"twitter:data2\" content=\"1 minute\" \/>\n<script type=\"application\/ld+json\" class=\"yoast-schema-graph\">{\"@context\":\"https:\/\/schema.org\",\"@graph\":[{\"@type\":\"WebSite\",\"@id\":\"https:\/\/r-interieurs.com\/#website\",\"url\":\"https:\/\/r-interieurs.com\/\",\"name\":\"R Int\u00e9rieurs\",\"description\":\"D\u00e9coration int\u00e9rieur Strasbourg\",\"potentialAction\":[{\"@type\":\"SearchAction\",\"target\":{\"@type\":\"EntryPoint\",\"urlTemplate\":\"https:\/\/r-interieurs.com\/?s={search_term_string}\"},\"query-input\":\"required name=search_term_string\"}],\"inLanguage\":\"fr-FR\"},{\"@type\":\"ImageObject\",\"@id\":\"https:\/\/r-interieurs.com\/index.php\/2019\/07\/15\/cuisine-green\/#primaryimage\",\"inLanguage\":\"fr-FR\",\"url\":\"https:\/\/r-interieurs.com\/wp-content\/uploads\/2019\/06\/9aa29b9157e2d16ebe79697eb1687ed2.jpg\",\"contentUrl\":\"https:\/\/r-interieurs.com\/wp-content\/uploads\/2019\/06\/9aa29b9157e2d16ebe79697eb1687ed2.jpg\",\"width\":564,\"height\":705,\"caption\":\"Pinterest\"},{\"@type\":\"WebPage\",\"@id\":\"https:\/\/r-interieurs.com\/index.php\/2019\/07\/15\/cuisine-green\/#webpage\",\"url\":\"https:\/\/r-interieurs.com\/index.php\/2019\/07\/15\/cuisine-green\/\",\"name\":\"Cuisine Green - R Int\u00e9rieurs\",\"isPartOf\":{\"@id\":\"https:\/\/r-interieurs.com\/#website\"},\"primaryImageOfPage\":{\"@id\":\"https:\/\/r-interieurs.com\/index.php\/2019\/07\/15\/cuisine-green\/#primaryimage\"},\"datePublished\":\"2019-07-15T05:00:37+00:00\",\"dateModified\":\"2019-10-20T12:08:18+00:00\",\"author\":{\"@id\":\"https:\/\/r-interieurs.com\/#\/schema\/person\/b3bfd020a48a222cbed09eae8f5c64e0\"},\"breadcrumb\":{\"@id\":\"https:\/\/r-interieurs.com\/index.php\/2019\/07\/15\/cuisine-green\/#breadcrumb\"},\"inLanguage\":\"fr-FR\",\"potentialAction\":[{\"@type\":\"ReadAction\",\"target\":[\"https:\/\/r-interieurs.com\/index.php\/2019\/07\/15\/cuisine-green\/\"]}]},{\"@type\":\"BreadcrumbList\",\"@id\":\"https:\/\/r-interieurs.com\/index.php\/2019\/07\/15\/cuisine-green\/#breadcrumb\",\"itemListElement\":[{\"@type\":\"ListItem\",\"position\":1,\"name\":\"Accueil\",\"item\":\"https:\/\/r-interieurs.com\/\"},{\"@type\":\"ListItem\",\"position\":2,\"name\":\"Cuisine Green\"}]},{\"@type\":\"Person\",\"@id\":\"https:\/\/r-interieurs.com\/#\/schema\/person\/b3bfd020a48a222cbed09eae8f5c64e0\",\"name\":\"Emilie\",\"image\":{\"@type\":\"ImageObject\",\"@id\":\"https:\/\/r-interieurs.com\/#personlogo\",\"inLanguage\":\"fr-FR\",\"url\":\"https:\/\/secure.gravatar.com\/avatar\/003d8a0735cdcdb60b5d7b0ca440c0ee?s=96&d=mm&r=g\",\"contentUrl\":\"https:\/\/secure.gravatar.com\/avatar\/003d8a0735cdcdb60b5d7b0ca440c0ee?s=96&d=mm&r=g\",\"caption\":\"Emilie\"},\"url\":\"https:\/\/r-interieurs.com\/index.php\/author\/admin1978\/\"}]}<\/script>\n<!-- \/ Yoast SEO plugin. -->","yoast_head_json":{"title":"Cuisine Green - R Int\u00e9rieurs","robots":{"index":"index","follow":"follow","max-snippet":"max-snippet:-1","max-image-preview":"max-image-preview:large","max-video-preview":"max-video-preview:-1"},"canonical":"https:\/\/r-interieurs.com\/index.php\/2019\/07\/15\/cuisine-green\/","og_locale":"fr_FR","og_type":"article","og_title":"Cuisine Green - R Int\u00e9rieurs","og_description":"Pourquoi vouloir \u00e0 tout prix changer enti\u00e8rement de cuisine et d\u00e9penser une fortune quand on a d\u00e9j\u00e0 ce qu&rsquo;il faut \u00e0 la maison ? Aujourd&rsquo;hui, il existe tellement de fa\u00e7on de relooker sa cuisine \u00e0 co\u00fbt mod\u00e9r\u00e9. Si l&rsquo;agencement de [&hellip;]","og_url":"https:\/\/r-interieurs.com\/index.php\/2019\/07\/15\/cuisine-green\/","og_site_name":"R Int\u00e9rieurs","article_published_time":"2019-07-15T05:00:37+00:00","article_modified_time":"2019-10-20T12:08:18+00:00","og_image":[{"width":564,"height":705,"url":"https:\/\/r-interieurs.com\/wp-content\/uploads\/2019\/06\/9aa29b9157e2d16ebe79697eb1687ed2.jpg","type":"image\/jpeg"}],"twitter_card":"summary_large_image","twitter_misc":{"\u00c9crit par":"Emilie","Dur\u00e9e de lecture estim\u00e9e":"1 minute"},"schema":{"@context":"https:\/\/schema.org","@graph":[{"@type":"WebSite","@id":"https:\/\/r-interieurs.com\/#website","url":"https:\/\/r-interieurs.com\/","name":"R Int\u00e9rieurs","description":"D\u00e9coration int\u00e9rieur Strasbourg","potentialAction":[{"@type":"SearchAction","target":{"@type":"EntryPoint","urlTemplate":"https:\/\/r-interieurs.com\/?s={search_term_string}"},"query-input":"required name=search_term_string"}],"inLanguage":"fr-FR"},{"@type":"ImageObject","@id":"https:\/\/r-interieurs.com\/index.php\/2019\/07\/15\/cuisine-green\/#primaryimage","inLanguage":"fr-FR","url":"https:\/\/r-interieurs.com\/wp-content\/uploads\/2019\/06\/9aa29b9157e2d16ebe79697eb1687ed2.jpg","contentUrl":"https:\/\/r-interieurs.com\/wp-content\/uploads\/2019\/06\/9aa29b9157e2d16ebe79697eb1687ed2.jpg","width":564,"height":705,"caption":"Pinterest"},{"@type":"WebPage","@id":"https:\/\/r-interieurs.com\/index.php\/2019\/07\/15\/cuisine-green\/#webpage","url":"https:\/\/r-interieurs.com\/index.php\/2019\/07\/15\/cuisine-green\/","name":"Cuisine Green - R Int\u00e9rieurs","isPartOf":{"@id":"https:\/\/r-interieurs.com\/#website"},"primaryImageOfPage":{"@id":"https:\/\/r-interieurs.com\/index.php\/2019\/07\/15\/cuisine-green\/#primaryimage"},"datePublished":"2019-07-15T05:00:37+00:00","dateModified":"2019-10-20T12:08:18+00:00","author":{"@id":"https:\/\/r-interieurs.com\/#\/schema\/person\/b3bfd020a48a222cbed09eae8f5c64e0"},"breadcrumb":{"@id":"https:\/\/r-interieurs.com\/index.php\/2019\/07\/15\/cuisine-green\/#breadcrumb"},"inLanguage":"fr-FR","potentialAction":[{"@type":"ReadAction","target":["https:\/\/r-interieurs.com\/index.php\/2019\/07\/15\/cuisine-green\/"]}]},{"@type":"BreadcrumbList","@id":"https:\/\/r-interieurs.com\/index.php\/2019\/07\/15\/cuisine-green\/#breadcrumb","itemListElement":[{"@type":"ListItem","position":1,"name":"Accueil","item":"https:\/\/r-interieurs.com\/"},{"@type":"ListItem","position":2,"name":"Cuisine Green"}]},{"@type":"Person","@id":"https:\/\/r-interieurs.com\/#\/schema\/person\/b3bfd020a48a222cbed09eae8f5c64e0","name":"Emilie","image":{"@type":"ImageObject","@id":"https:\/\/r-interieurs.com\/#personlogo","inLanguage":"fr-FR","url":"https:\/\/secure.gravatar.com\/avatar\/003d8a0735cdcdb60b5d7b0ca440c0ee?s=96&d=mm&r=g","contentUrl":"https:\/\/secure.gravatar.com\/avatar\/003d8a0735cdcdb60b5d7b0ca440c0ee?s=96&d=mm&r=g","caption":"Emilie"},"url":"https:\/\/r-interieurs.com\/index.php\/author\/admin1978\/"}]}},"jetpack_featured_media_url":"https:\/\/r-interieurs.com\/wp-content\/uploads\/2019\/06\/9aa29b9157e2d16ebe79697eb1687ed2.jpg","_links":{"self":[{"href":"https:\/\/r-interieurs.com\/index.php\/wp-json\/wp\/v2\/posts\/5939"}],"collection":[{"href":"https:\/\/r-interieurs.com\/index.php\/wp-json\/wp\/v2\/posts"}],"about":[{"href":"https:\/\/r-interieurs.com\/index.php\/wp-json\/wp\/v2\/types\/post"}],"author":[{"embeddable":true,"href":"https:\/\/r-interieurs.com\/index.php\/wp-json\/wp\/v2\/users\/1"}],"replies":[{"embeddable":true,"href":"https:\/\/r-interieurs.com\/index.php\/wp-json\/wp\/v2\/comments?post=5939"}],"version-history":[{"count":4,"href":"https:\/\/r-interieurs.com\/index.php\/wp-json\/wp\/v2\/posts\/5939\/revisions"}],"predecessor-version":[{"id":6020,"href":"https:\/\/r-interieurs.com\/index.php\/wp-json\/wp\/v2\/posts\/5939\/revisions\/6020"}],"wp:featuredmedia":[{"embeddable":true,"href":"https:\/\/r-interieurs.com\/index.php\/wp-json\/wp\/v2\/media\/5940"}],"wp:attachment":[{"href":"https:\/\/r-interieurs.com\/index.php\/wp-json\/wp\/v2\/media?parent=5939"}],"wp:term":[{"taxonomy":"category","embeddable":true,"href":"https:\/\/r-interieurs.com\/index.php\/wp-json\/wp\/v2\/categories?post=5939"},{"taxonomy":"post_tag","embeddable":true,"href":"https:\/\/r-interieurs.com\/index.php\/wp-json\/wp\/v2\/tags?post=5939"}],"curies":[{"name":"wp","href":"https:\/\/api.w.org\/{rel}","templated":true}]}}