{"id":5581,"date":"2018-04-01T07:00:58","date_gmt":"2018-04-01T05:00:58","guid":{"rendered":"http:\/\/r-interieurs.com\/?p=5581"},"modified":"2019-04-06T16:17:52","modified_gmt":"2019-04-06T14:17:52","slug":"chambre-a-coucher","status":"publish","type":"post","link":"https:\/\/r-interieurs.com\/index.php\/2018\/04\/01\/chambre-a-coucher\/","title":{"rendered":"Chambre \u00e0 coucher"},"content":{"rendered":"<div class=\"\">\n<div class=\"\" style=\"text-align: justify;\">J\u2019aime beaucoup le style de cette chambre \u00e0 coucher qui reste simple avec un c\u00f4t\u00e9 chic et r\u00e9tro.<\/div>\n<div style=\"text-align: justify;\"><\/div>\n<div class=\"\" style=\"text-align: justify;\">Le mur bleu p\u00e9trole derri\u00e8re le lit donne de la profondeur et du caract\u00e8re \u00e0 la chambre. Les murs blancs apportent la lumi\u00e8re et agrandissent l\u2019espace.<\/div>\n<div class=\"\" style=\"text-align: justify;\">Les chevets et la banquette capitonn\u00e9e ont un style un peu vintage. Le grand lit en rotin est la pi\u00e8ce ma\u00eetresse de la chambre.<\/div>\n<\/div>\n<div>\n<h4 style=\"text-align: justify;\">Ma s\u00e9l\u00e9ction :<\/h4>\n<p style=\"text-align: justify;\">Cliquez sur les intitul\u00e9s, ils vous dirigeront directement vers les sites vendeurs.<\/p>\n<p><a href=\"https:\/\/www.littlegreene.eu\/royal\">Peinture Blue Navy &#8211; Little Greene<\/a> &#8211;\u00a0<span style=\"text-align: justify;\"><a href=\"https:\/\/www.laredoute.fr\/ppdp\/prod-506921912.aspx#searchkeyword=tete%20lit%20rotin\">T\u00eate de lit<\/a><\/span>&#8211;\u00a0<a href=\"https:\/\/www.laredoute.fr\/ppdp\/prod-500074832.aspx?dim1=1001&amp;dim2=1000&amp;lgw_code=5143-026477531&amp;cod=PSN00094581FR&amp;gclsrc=aw.ds&amp;kard=1&amp;gclid=EAIaIQobChMIqNyLy9ah3gIVxoGyCh3IrwIGEAQYAiABEgJZ-fD_BwE&amp;ectrans=1&amp;awc=7509_1540473397_2a06c504420f3ff21150eb97d08dee44\">Pouf<\/a> &#8211;\u00a0\u00a0<a href=\"https:\/\/www.nvgallery.com\/suspension-lustre\/256-suspension-design-sphere-verre-regency.html?ipa=881\">Lustre<\/a> &#8211;\u00a0<a href=\"https:\/\/www.made.com\/fr\/julianne-ottomane-velours-de-coton-bleu-petrole?gclid=EAIaIQobChMI0OT1-pyG3gIVCZ7VCh3oIAVWEAQYDSABEgLyu_D_BwE&amp;gclsrc=aw.ds\">Banquette<\/a> &#8211; <a href=\"https:\/\/www.decoclico.fr\/tapis-rectangulaire-en-laine-et-coton-style-ethnique-tribe-house-doctor-140x200-cm-p-39555\">Tapis<\/a>\u00a0 &#8211;\u00a0<a href=\"https:\/\/www.rueduluminaire.com\/lampe-a-poser-vintage-laiton-hubsch-890414?utm_medium=cpc&amp;utm_source=google&amp;gclid=EAIaIQobChMI-uvCgpyG3gIVYRbTCh3smAf9EAQYGSABEgIk7fD_BwE\">Lampe<\/a> &#8211;\u00a0<a href=\"https:\/\/www.maisonsdumonde.com\/FR\/fr\/p\/miroir-soleil-d50-sienna-184587.htm\">Miroir<\/a> &#8211;<a href=\"https:\/\/www.connox.fr\/categories\/meubles\/table-d-appoint\/fatboy-table-appoint-et-plateau-plat-o.html\">\u00a0Table d&rsquo;appoint<\/a><\/p>\n<\/div>\n<div class=\"\">\n<div class=\"\" style=\"text-align: justify;\"><\/div>\n<div class=\"\" style=\"text-align: justify;\"><img loading=\"lazy\" class=\"aligncenter size-full wp-image-5609\" src=\"http:\/\/r-interieurs.com\/wp-content\/uploads\/2018\/10\/emilie-rieffel-decoration-interieur-strasbourg-chambre-moodboard-1.png\" alt=\"\" width=\"1024\" height=\"768\" srcset=\"https:\/\/r-interieurs.com\/wp-content\/uploads\/2018\/10\/emilie-rieffel-decoration-interieur-strasbourg-chambre-moodboard-1.png 1024w, https:\/\/r-interieurs.com\/wp-content\/uploads\/2018\/10\/emilie-rieffel-decoration-interieur-strasbourg-chambre-moodboard-1-300x225.png 300w, https:\/\/r-interieurs.com\/wp-content\/uploads\/2018\/10\/emilie-rieffel-decoration-interieur-strasbourg-chambre-moodboard-1-768x576.png 768w\" sizes=\"(max-width: 1024px) 100vw, 1024px\" \/><\/div>\n<div class=\"\" style=\"text-align: justify;\"><\/div>\n<div class=\"\" style=\"text-align: justify;\"><\/div>\n<div class=\"\" style=\"text-align: justify;\"><\/div>\n<div class=\"\" style=\"text-align: justify;\"><\/div>\n<div class=\"\" style=\"text-align: justify;\"><\/div>\n<div class=\"\" style=\"text-align: justify;\"><\/div>\n<div class=\"\" style=\"text-align: justify;\"><\/div>\n<div class=\"\" style=\"text-align: justify;\"><\/div>\n<\/div>\n","protected":false},"excerpt":{"rendered":"<p>J\u2019aime beaucoup le style de cette chambre \u00e0 coucher qui reste simple avec un c\u00f4t\u00e9 chic et r\u00e9tro. Le mur bleu p\u00e9trole derri\u00e8re le lit donne de la profondeur et du caract\u00e8re \u00e0 la chambre. Les murs blancs apportent la [&hellip;]<\/p>\n","protected":false},"author":1,"featured_media":5606,"comment_status":"open","ping_status":"open","sticky":false,"template":"","format":"standard","meta":{"spay_email":""},"categories":[20],"tags":[],"yoast_head":"<!-- This site is optimized with the Yoast SEO plugin v18.4.1 - https:\/\/yoast.com\/wordpress\/plugins\/seo\/ -->\n<title>Chambre \u00e0 coucher - R Int\u00e9rieurs<\/title>\n<meta name=\"robots\" content=\"index, follow, max-snippet:-1, max-image-preview:large, max-video-preview:-1\" \/>\n<link rel=\"canonical\" href=\"https:\/\/r-interieurs.com\/index.php\/2018\/04\/01\/chambre-a-coucher\/\" \/>\n<meta property=\"og:locale\" content=\"fr_FR\" \/>\n<meta property=\"og:type\" content=\"article\" \/>\n<meta property=\"og:title\" content=\"Chambre \u00e0 coucher - R Int\u00e9rieurs\" \/>\n<meta property=\"og:description\" content=\"J\u2019aime beaucoup le style de cette chambre \u00e0 coucher qui reste simple avec un c\u00f4t\u00e9 chic et r\u00e9tro. Le mur bleu p\u00e9trole derri\u00e8re le lit donne de la profondeur et du caract\u00e8re \u00e0 la chambre. Les murs blancs apportent la [&hellip;]\" \/>\n<meta property=\"og:url\" content=\"https:\/\/r-interieurs.com\/index.php\/2018\/04\/01\/chambre-a-coucher\/\" \/>\n<meta property=\"og:site_name\" content=\"R Int\u00e9rieurs\" \/>\n<meta property=\"article:published_time\" content=\"2018-04-01T05:00:58+00:00\" \/>\n<meta property=\"article:modified_time\" content=\"2019-04-06T14:17:52+00:00\" \/>\n<meta property=\"og:image\" content=\"https:\/\/r-interieurs.com\/wp-content\/uploads\/2018\/10\/emilie-rieffel-decoration-interieur-strasbourg-chambre-anthropologie.png\" \/>\n\t<meta property=\"og:image:width\" content=\"488\" \/>\n\t<meta property=\"og:image:height\" content=\"555\" \/>\n\t<meta property=\"og:image:type\" content=\"image\/png\" \/>\n<meta name=\"twitter:card\" content=\"summary_large_image\" \/>\n<meta name=\"twitter:label1\" content=\"\u00c9crit par\" \/>\n\t<meta name=\"twitter:data1\" content=\"Emilie\" \/>\n\t<meta name=\"twitter:label2\" content=\"Dur\u00e9e de lecture estim\u00e9e\" \/>\n\t<meta name=\"twitter:data2\" content=\"1 minute\" \/>\n<script type=\"application\/ld+json\" class=\"yoast-schema-graph\">{\"@context\":\"https:\/\/schema.org\",\"@graph\":[{\"@type\":\"WebSite\",\"@id\":\"https:\/\/r-interieurs.com\/#website\",\"url\":\"https:\/\/r-interieurs.com\/\",\"name\":\"R Int\u00e9rieurs\",\"description\":\"D\u00e9coration int\u00e9rieur Strasbourg\",\"potentialAction\":[{\"@type\":\"SearchAction\",\"target\":{\"@type\":\"EntryPoint\",\"urlTemplate\":\"https:\/\/r-interieurs.com\/?s={search_term_string}\"},\"query-input\":\"required name=search_term_string\"}],\"inLanguage\":\"fr-FR\"},{\"@type\":\"ImageObject\",\"@id\":\"https:\/\/r-interieurs.com\/index.php\/2018\/04\/01\/chambre-a-coucher\/#primaryimage\",\"inLanguage\":\"fr-FR\",\"url\":\"https:\/\/r-interieurs.com\/wp-content\/uploads\/2018\/10\/emilie-rieffel-decoration-interieur-strasbourg-chambre-anthropologie.png\",\"contentUrl\":\"https:\/\/r-interieurs.com\/wp-content\/uploads\/2018\/10\/emilie-rieffel-decoration-interieur-strasbourg-chambre-anthropologie.png\",\"width\":488,\"height\":555},{\"@type\":\"WebPage\",\"@id\":\"https:\/\/r-interieurs.com\/index.php\/2018\/04\/01\/chambre-a-coucher\/#webpage\",\"url\":\"https:\/\/r-interieurs.com\/index.php\/2018\/04\/01\/chambre-a-coucher\/\",\"name\":\"Chambre \u00e0 coucher - R Int\u00e9rieurs\",\"isPartOf\":{\"@id\":\"https:\/\/r-interieurs.com\/#website\"},\"primaryImageOfPage\":{\"@id\":\"https:\/\/r-interieurs.com\/index.php\/2018\/04\/01\/chambre-a-coucher\/#primaryimage\"},\"datePublished\":\"2018-04-01T05:00:58+00:00\",\"dateModified\":\"2019-04-06T14:17:52+00:00\",\"author\":{\"@id\":\"https:\/\/r-interieurs.com\/#\/schema\/person\/b3bfd020a48a222cbed09eae8f5c64e0\"},\"breadcrumb\":{\"@id\":\"https:\/\/r-interieurs.com\/index.php\/2018\/04\/01\/chambre-a-coucher\/#breadcrumb\"},\"inLanguage\":\"fr-FR\",\"potentialAction\":[{\"@type\":\"ReadAction\",\"target\":[\"https:\/\/r-interieurs.com\/index.php\/2018\/04\/01\/chambre-a-coucher\/\"]}]},{\"@type\":\"BreadcrumbList\",\"@id\":\"https:\/\/r-interieurs.com\/index.php\/2018\/04\/01\/chambre-a-coucher\/#breadcrumb\",\"itemListElement\":[{\"@type\":\"ListItem\",\"position\":1,\"name\":\"Accueil\",\"item\":\"https:\/\/r-interieurs.com\/\"},{\"@type\":\"ListItem\",\"position\":2,\"name\":\"Chambre \u00e0 coucher\"}]},{\"@type\":\"Person\",\"@id\":\"https:\/\/r-interieurs.com\/#\/schema\/person\/b3bfd020a48a222cbed09eae8f5c64e0\",\"name\":\"Emilie\",\"image\":{\"@type\":\"ImageObject\",\"@id\":\"https:\/\/r-interieurs.com\/#personlogo\",\"inLanguage\":\"fr-FR\",\"url\":\"https:\/\/secure.gravatar.com\/avatar\/003d8a0735cdcdb60b5d7b0ca440c0ee?s=96&d=mm&r=g\",\"contentUrl\":\"https:\/\/secure.gravatar.com\/avatar\/003d8a0735cdcdb60b5d7b0ca440c0ee?s=96&d=mm&r=g\",\"caption\":\"Emilie\"},\"url\":\"https:\/\/r-interieurs.com\/index.php\/author\/admin1978\/\"}]}<\/script>\n<!-- \/ Yoast SEO plugin. -->","yoast_head_json":{"title":"Chambre \u00e0 coucher - R Int\u00e9rieurs","robots":{"index":"index","follow":"follow","max-snippet":"max-snippet:-1","max-image-preview":"max-image-preview:large","max-video-preview":"max-video-preview:-1"},"canonical":"https:\/\/r-interieurs.com\/index.php\/2018\/04\/01\/chambre-a-coucher\/","og_locale":"fr_FR","og_type":"article","og_title":"Chambre \u00e0 coucher - R Int\u00e9rieurs","og_description":"J\u2019aime beaucoup le style de cette chambre \u00e0 coucher qui reste simple avec un c\u00f4t\u00e9 chic et r\u00e9tro. Le mur bleu p\u00e9trole derri\u00e8re le lit donne de la profondeur et du caract\u00e8re \u00e0 la chambre. Les murs blancs apportent la [&hellip;]","og_url":"https:\/\/r-interieurs.com\/index.php\/2018\/04\/01\/chambre-a-coucher\/","og_site_name":"R Int\u00e9rieurs","article_published_time":"2018-04-01T05:00:58+00:00","article_modified_time":"2019-04-06T14:17:52+00:00","og_image":[{"width":488,"height":555,"url":"https:\/\/r-interieurs.com\/wp-content\/uploads\/2018\/10\/emilie-rieffel-decoration-interieur-strasbourg-chambre-anthropologie.png","type":"image\/png"}],"twitter_card":"summary_large_image","twitter_misc":{"\u00c9crit par":"Emilie","Dur\u00e9e de lecture estim\u00e9e":"1 minute"},"schema":{"@context":"https:\/\/schema.org","@graph":[{"@type":"WebSite","@id":"https:\/\/r-interieurs.com\/#website","url":"https:\/\/r-interieurs.com\/","name":"R Int\u00e9rieurs","description":"D\u00e9coration int\u00e9rieur Strasbourg","potentialAction":[{"@type":"SearchAction","target":{"@type":"EntryPoint","urlTemplate":"https:\/\/r-interieurs.com\/?s={search_term_string}"},"query-input":"required name=search_term_string"}],"inLanguage":"fr-FR"},{"@type":"ImageObject","@id":"https:\/\/r-interieurs.com\/index.php\/2018\/04\/01\/chambre-a-coucher\/#primaryimage","inLanguage":"fr-FR","url":"https:\/\/r-interieurs.com\/wp-content\/uploads\/2018\/10\/emilie-rieffel-decoration-interieur-strasbourg-chambre-anthropologie.png","contentUrl":"https:\/\/r-interieurs.com\/wp-content\/uploads\/2018\/10\/emilie-rieffel-decoration-interieur-strasbourg-chambre-anthropologie.png","width":488,"height":555},{"@type":"WebPage","@id":"https:\/\/r-interieurs.com\/index.php\/2018\/04\/01\/chambre-a-coucher\/#webpage","url":"https:\/\/r-interieurs.com\/index.php\/2018\/04\/01\/chambre-a-coucher\/","name":"Chambre \u00e0 coucher - R Int\u00e9rieurs","isPartOf":{"@id":"https:\/\/r-interieurs.com\/#website"},"primaryImageOfPage":{"@id":"https:\/\/r-interieurs.com\/index.php\/2018\/04\/01\/chambre-a-coucher\/#primaryimage"},"datePublished":"2018-04-01T05:00:58+00:00","dateModified":"2019-04-06T14:17:52+00:00","author":{"@id":"https:\/\/r-interieurs.com\/#\/schema\/person\/b3bfd020a48a222cbed09eae8f5c64e0"},"breadcrumb":{"@id":"https:\/\/r-interieurs.com\/index.php\/2018\/04\/01\/chambre-a-coucher\/#breadcrumb"},"inLanguage":"fr-FR","potentialAction":[{"@type":"ReadAction","target":["https:\/\/r-interieurs.com\/index.php\/2018\/04\/01\/chambre-a-coucher\/"]}]},{"@type":"BreadcrumbList","@id":"https:\/\/r-interieurs.com\/index.php\/2018\/04\/01\/chambre-a-coucher\/#breadcrumb","itemListElement":[{"@type":"ListItem","position":1,"name":"Accueil","item":"https:\/\/r-interieurs.com\/"},{"@type":"ListItem","position":2,"name":"Chambre \u00e0 coucher"}]},{"@type":"Person","@id":"https:\/\/r-interieurs.com\/#\/schema\/person\/b3bfd020a48a222cbed09eae8f5c64e0","name":"Emilie","image":{"@type":"ImageObject","@id":"https:\/\/r-interieurs.com\/#personlogo","inLanguage":"fr-FR","url":"https:\/\/secure.gravatar.com\/avatar\/003d8a0735cdcdb60b5d7b0ca440c0ee?s=96&d=mm&r=g","contentUrl":"https:\/\/secure.gravatar.com\/avatar\/003d8a0735cdcdb60b5d7b0ca440c0ee?s=96&d=mm&r=g","caption":"Emilie"},"url":"https:\/\/r-interieurs.com\/index.php\/author\/admin1978\/"}]}},"jetpack_featured_media_url":"https:\/\/r-interieurs.com\/wp-content\/uploads\/2018\/10\/emilie-rieffel-decoration-interieur-strasbourg-chambre-anthropologie.png","_links":{"self":[{"href":"https:\/\/r-interieurs.com\/index.php\/wp-json\/wp\/v2\/posts\/5581"}],"collection":[{"href":"https:\/\/r-interieurs.com\/index.php\/wp-json\/wp\/v2\/posts"}],"about":[{"href":"https:\/\/r-interieurs.com\/index.php\/wp-json\/wp\/v2\/types\/post"}],"author":[{"embeddable":true,"href":"https:\/\/r-interieurs.com\/index.php\/wp-json\/wp\/v2\/users\/1"}],"replies":[{"embeddable":true,"href":"https:\/\/r-interieurs.com\/index.php\/wp-json\/wp\/v2\/comments?post=5581"}],"version-history":[{"count":5,"href":"https:\/\/r-interieurs.com\/index.php\/wp-json\/wp\/v2\/posts\/5581\/revisions"}],"predecessor-version":[{"id":5633,"href":"https:\/\/r-interieurs.com\/index.php\/wp-json\/wp\/v2\/posts\/5581\/revisions\/5633"}],"wp:featuredmedia":[{"embeddable":true,"href":"https:\/\/r-interieurs.com\/index.php\/wp-json\/wp\/v2\/media\/5606"}],"wp:attachment":[{"href":"https:\/\/r-interieurs.com\/index.php\/wp-json\/wp\/v2\/media?parent=5581"}],"wp:term":[{"taxonomy":"category","embeddable":true,"href":"https:\/\/r-interieurs.com\/index.php\/wp-json\/wp\/v2\/categories?post=5581"},{"taxonomy":"post_tag","embeddable":true,"href":"https:\/\/r-interieurs.com\/index.php\/wp-json\/wp\/v2\/tags?post=5581"}],"curies":[{"name":"wp","href":"https:\/\/api.w.org\/{rel}","templated":true}]}}