{"id":5572,"date":"2018-10-01T07:00:25","date_gmt":"2018-10-01T05:00:25","guid":{"rendered":"http:\/\/r-interieurs.com\/?p=5572"},"modified":"2019-04-06T16:16:24","modified_gmt":"2019-04-06T14:16:24","slug":"bienvenue-a-lautomne","status":"publish","type":"post","link":"https:\/\/r-interieurs.com\/index.php\/2018\/10\/01\/bienvenue-a-lautomne\/","title":{"rendered":"Bienvenue \u00e0 l\u2019automne"},"content":{"rendered":"<p>Avec la grisaille et le froid qui s\u2019installent, on redonne des couleurs et un peu de chaleur dans nos int\u00e9rieurs. Optez pour les couleurs chaudes comme les oranges, rouges, ocres, aubergines\u2026.<br \/>\nOn sort les fourrures, les velours, les plaids en laine ou en coton, les peaux de b\u00eate, les objets en bois, les bougies et on se pr\u00e9pare \u00e0 affronter l\u2019hiver avec bonne humeur.<\/p>\n<p>Voici un exemple qui pourra vous donner un peu d\u2019inspiration dans l\u2019association des couleurs et des mati\u00e8res.<\/p>\n<h4 style=\"text-align: justify;\">Ma s\u00e9l\u00e9ction :<\/h4>\n<p style=\"text-align: justify;\">Cliquez sur les intitul\u00e9s, ils vous dirigeront directement vers les sites vendeurs.<\/p>\n<p><a href=\"https:\/\/www.littlegreene.eu\/bronze-red\">Peinture Bronze Red<\/a> &#8211;\u00a0<a href=\"https:\/\/www.ikea.com\/fr\/fr\/catalog\/products\/70311697\/\">Suspension<\/a>\u00a0 &#8211;\u00a0<a href=\"https:\/\/kavehome.com\/fr\/fr\/tables-d-appoint\/table-d-appoint-kwango\">Table d\u2019appoint<\/a> &#8211; <a href=\"https:\/\/www.sodezign.com\/fr\/tables\/tables-basses\/table-basse-design-en-bois-gaia-chene-noyer-130-cm.html\">Table basse<\/a> &#8211;\u00a0\u00a0<a href=\"https:\/\/www.laredoute.fr\/ppdp\/prod-513320066.aspx?docid=00000000000001#srt=noSorting&amp;facets=colourfamily*jaune\">Canap\u00e9<\/a> &#8211;\u00a0<a href=\"https:\/\/www.zarahome.com\/fr\/d%C3%A9coration\/coussins-d%C3%A9coratifs\/housse-de-coussin-imprim%C3%A9e-c1089531p300733148.html?ct=true\">Coussin<\/a><\/p>\n<p>&nbsp;<\/p>\n<p><img loading=\"lazy\" class=\"aligncenter size-full wp-image-5616\" src=\"http:\/\/r-interieurs.com\/wp-content\/uploads\/2018\/10\/emilie-rieffel-decoration-interieur-automne-moodboard.png\" alt=\"\" width=\"1024\" height=\"768\" srcset=\"https:\/\/r-interieurs.com\/wp-content\/uploads\/2018\/10\/emilie-rieffel-decoration-interieur-automne-moodboard.png 1024w, https:\/\/r-interieurs.com\/wp-content\/uploads\/2018\/10\/emilie-rieffel-decoration-interieur-automne-moodboard-300x225.png 300w, https:\/\/r-interieurs.com\/wp-content\/uploads\/2018\/10\/emilie-rieffel-decoration-interieur-automne-moodboard-768x576.png 768w\" sizes=\"(max-width: 1024px) 100vw, 1024px\" \/><\/p>\n","protected":false},"excerpt":{"rendered":"<p>Avec la grisaille et le froid qui s\u2019installent, on redonne des couleurs et un peu de chaleur dans nos int\u00e9rieurs. Optez pour les couleurs chaudes comme les oranges, rouges, ocres, aubergines\u2026. On sort les fourrures, les velours, les plaids en [&hellip;]<\/p>\n","protected":false},"author":1,"featured_media":5618,"comment_status":"open","ping_status":"open","sticky":false,"template":"","format":"standard","meta":{"spay_email":""},"categories":[239],"tags":[],"yoast_head":"<!-- This site is optimized with the Yoast SEO plugin v18.4.1 - https:\/\/yoast.com\/wordpress\/plugins\/seo\/ -->\n<title>Bienvenue \u00e0 l\u2019automne - R Int\u00e9rieurs<\/title>\n<meta name=\"robots\" content=\"index, follow, max-snippet:-1, max-image-preview:large, max-video-preview:-1\" \/>\n<link rel=\"canonical\" href=\"https:\/\/r-interieurs.com\/index.php\/2018\/10\/01\/bienvenue-a-lautomne\/\" \/>\n<meta property=\"og:locale\" content=\"fr_FR\" \/>\n<meta property=\"og:type\" content=\"article\" \/>\n<meta property=\"og:title\" content=\"Bienvenue \u00e0 l\u2019automne - R Int\u00e9rieurs\" \/>\n<meta property=\"og:description\" content=\"Avec la grisaille et le froid qui s\u2019installent, on redonne des couleurs et un peu de chaleur dans nos int\u00e9rieurs. Optez pour les couleurs chaudes comme les oranges, rouges, ocres, aubergines\u2026. On sort les fourrures, les velours, les plaids en [&hellip;]\" \/>\n<meta property=\"og:url\" content=\"https:\/\/r-interieurs.com\/index.php\/2018\/10\/01\/bienvenue-a-lautomne\/\" \/>\n<meta property=\"og:site_name\" content=\"R Int\u00e9rieurs\" \/>\n<meta property=\"article:published_time\" content=\"2018-10-01T05:00:25+00:00\" \/>\n<meta property=\"article:modified_time\" content=\"2019-04-06T14:16:24+00:00\" \/>\n<meta property=\"og:image\" content=\"https:\/\/r-interieurs.com\/wp-content\/uploads\/2018\/10\/emilie-rieffel-decoration-interieur-automne.png\" \/>\n\t<meta property=\"og:image:width\" content=\"348\" \/>\n\t<meta property=\"og:image:height\" content=\"452\" \/>\n\t<meta property=\"og:image:type\" content=\"image\/png\" \/>\n<meta name=\"twitter:card\" content=\"summary_large_image\" \/>\n<meta name=\"twitter:label1\" content=\"\u00c9crit par\" \/>\n\t<meta name=\"twitter:data1\" content=\"Emilie\" \/>\n\t<meta name=\"twitter:label2\" content=\"Dur\u00e9e de lecture estim\u00e9e\" \/>\n\t<meta name=\"twitter:data2\" content=\"1 minute\" \/>\n<script type=\"application\/ld+json\" class=\"yoast-schema-graph\">{\"@context\":\"https:\/\/schema.org\",\"@graph\":[{\"@type\":\"WebSite\",\"@id\":\"https:\/\/r-interieurs.com\/#website\",\"url\":\"https:\/\/r-interieurs.com\/\",\"name\":\"R Int\u00e9rieurs\",\"description\":\"D\u00e9coration int\u00e9rieur Strasbourg\",\"potentialAction\":[{\"@type\":\"SearchAction\",\"target\":{\"@type\":\"EntryPoint\",\"urlTemplate\":\"https:\/\/r-interieurs.com\/?s={search_term_string}\"},\"query-input\":\"required name=search_term_string\"}],\"inLanguage\":\"fr-FR\"},{\"@type\":\"ImageObject\",\"@id\":\"https:\/\/r-interieurs.com\/index.php\/2018\/10\/01\/bienvenue-a-lautomne\/#primaryimage\",\"inLanguage\":\"fr-FR\",\"url\":\"https:\/\/r-interieurs.com\/wp-content\/uploads\/2018\/10\/emilie-rieffel-decoration-interieur-automne.png\",\"contentUrl\":\"https:\/\/r-interieurs.com\/wp-content\/uploads\/2018\/10\/emilie-rieffel-decoration-interieur-automne.png\",\"width\":348,\"height\":452},{\"@type\":\"WebPage\",\"@id\":\"https:\/\/r-interieurs.com\/index.php\/2018\/10\/01\/bienvenue-a-lautomne\/#webpage\",\"url\":\"https:\/\/r-interieurs.com\/index.php\/2018\/10\/01\/bienvenue-a-lautomne\/\",\"name\":\"Bienvenue \u00e0 l\u2019automne - R Int\u00e9rieurs\",\"isPartOf\":{\"@id\":\"https:\/\/r-interieurs.com\/#website\"},\"primaryImageOfPage\":{\"@id\":\"https:\/\/r-interieurs.com\/index.php\/2018\/10\/01\/bienvenue-a-lautomne\/#primaryimage\"},\"datePublished\":\"2018-10-01T05:00:25+00:00\",\"dateModified\":\"2019-04-06T14:16:24+00:00\",\"author\":{\"@id\":\"https:\/\/r-interieurs.com\/#\/schema\/person\/b3bfd020a48a222cbed09eae8f5c64e0\"},\"breadcrumb\":{\"@id\":\"https:\/\/r-interieurs.com\/index.php\/2018\/10\/01\/bienvenue-a-lautomne\/#breadcrumb\"},\"inLanguage\":\"fr-FR\",\"potentialAction\":[{\"@type\":\"ReadAction\",\"target\":[\"https:\/\/r-interieurs.com\/index.php\/2018\/10\/01\/bienvenue-a-lautomne\/\"]}]},{\"@type\":\"BreadcrumbList\",\"@id\":\"https:\/\/r-interieurs.com\/index.php\/2018\/10\/01\/bienvenue-a-lautomne\/#breadcrumb\",\"itemListElement\":[{\"@type\":\"ListItem\",\"position\":1,\"name\":\"Accueil\",\"item\":\"https:\/\/r-interieurs.com\/\"},{\"@type\":\"ListItem\",\"position\":2,\"name\":\"Bienvenue \u00e0 l\u2019automne\"}]},{\"@type\":\"Person\",\"@id\":\"https:\/\/r-interieurs.com\/#\/schema\/person\/b3bfd020a48a222cbed09eae8f5c64e0\",\"name\":\"Emilie\",\"image\":{\"@type\":\"ImageObject\",\"@id\":\"https:\/\/r-interieurs.com\/#personlogo\",\"inLanguage\":\"fr-FR\",\"url\":\"https:\/\/secure.gravatar.com\/avatar\/003d8a0735cdcdb60b5d7b0ca440c0ee?s=96&d=mm&r=g\",\"contentUrl\":\"https:\/\/secure.gravatar.com\/avatar\/003d8a0735cdcdb60b5d7b0ca440c0ee?s=96&d=mm&r=g\",\"caption\":\"Emilie\"},\"url\":\"https:\/\/r-interieurs.com\/index.php\/author\/admin1978\/\"}]}<\/script>\n<!-- \/ Yoast SEO plugin. -->","yoast_head_json":{"title":"Bienvenue \u00e0 l\u2019automne - R Int\u00e9rieurs","robots":{"index":"index","follow":"follow","max-snippet":"max-snippet:-1","max-image-preview":"max-image-preview:large","max-video-preview":"max-video-preview:-1"},"canonical":"https:\/\/r-interieurs.com\/index.php\/2018\/10\/01\/bienvenue-a-lautomne\/","og_locale":"fr_FR","og_type":"article","og_title":"Bienvenue \u00e0 l\u2019automne - R Int\u00e9rieurs","og_description":"Avec la grisaille et le froid qui s\u2019installent, on redonne des couleurs et un peu de chaleur dans nos int\u00e9rieurs. Optez pour les couleurs chaudes comme les oranges, rouges, ocres, aubergines\u2026. On sort les fourrures, les velours, les plaids en [&hellip;]","og_url":"https:\/\/r-interieurs.com\/index.php\/2018\/10\/01\/bienvenue-a-lautomne\/","og_site_name":"R Int\u00e9rieurs","article_published_time":"2018-10-01T05:00:25+00:00","article_modified_time":"2019-04-06T14:16:24+00:00","og_image":[{"width":348,"height":452,"url":"https:\/\/r-interieurs.com\/wp-content\/uploads\/2018\/10\/emilie-rieffel-decoration-interieur-automne.png","type":"image\/png"}],"twitter_card":"summary_large_image","twitter_misc":{"\u00c9crit par":"Emilie","Dur\u00e9e de lecture estim\u00e9e":"1 minute"},"schema":{"@context":"https:\/\/schema.org","@graph":[{"@type":"WebSite","@id":"https:\/\/r-interieurs.com\/#website","url":"https:\/\/r-interieurs.com\/","name":"R Int\u00e9rieurs","description":"D\u00e9coration int\u00e9rieur Strasbourg","potentialAction":[{"@type":"SearchAction","target":{"@type":"EntryPoint","urlTemplate":"https:\/\/r-interieurs.com\/?s={search_term_string}"},"query-input":"required name=search_term_string"}],"inLanguage":"fr-FR"},{"@type":"ImageObject","@id":"https:\/\/r-interieurs.com\/index.php\/2018\/10\/01\/bienvenue-a-lautomne\/#primaryimage","inLanguage":"fr-FR","url":"https:\/\/r-interieurs.com\/wp-content\/uploads\/2018\/10\/emilie-rieffel-decoration-interieur-automne.png","contentUrl":"https:\/\/r-interieurs.com\/wp-content\/uploads\/2018\/10\/emilie-rieffel-decoration-interieur-automne.png","width":348,"height":452},{"@type":"WebPage","@id":"https:\/\/r-interieurs.com\/index.php\/2018\/10\/01\/bienvenue-a-lautomne\/#webpage","url":"https:\/\/r-interieurs.com\/index.php\/2018\/10\/01\/bienvenue-a-lautomne\/","name":"Bienvenue \u00e0 l\u2019automne - R Int\u00e9rieurs","isPartOf":{"@id":"https:\/\/r-interieurs.com\/#website"},"primaryImageOfPage":{"@id":"https:\/\/r-interieurs.com\/index.php\/2018\/10\/01\/bienvenue-a-lautomne\/#primaryimage"},"datePublished":"2018-10-01T05:00:25+00:00","dateModified":"2019-04-06T14:16:24+00:00","author":{"@id":"https:\/\/r-interieurs.com\/#\/schema\/person\/b3bfd020a48a222cbed09eae8f5c64e0"},"breadcrumb":{"@id":"https:\/\/r-interieurs.com\/index.php\/2018\/10\/01\/bienvenue-a-lautomne\/#breadcrumb"},"inLanguage":"fr-FR","potentialAction":[{"@type":"ReadAction","target":["https:\/\/r-interieurs.com\/index.php\/2018\/10\/01\/bienvenue-a-lautomne\/"]}]},{"@type":"BreadcrumbList","@id":"https:\/\/r-interieurs.com\/index.php\/2018\/10\/01\/bienvenue-a-lautomne\/#breadcrumb","itemListElement":[{"@type":"ListItem","position":1,"name":"Accueil","item":"https:\/\/r-interieurs.com\/"},{"@type":"ListItem","position":2,"name":"Bienvenue \u00e0 l\u2019automne"}]},{"@type":"Person","@id":"https:\/\/r-interieurs.com\/#\/schema\/person\/b3bfd020a48a222cbed09eae8f5c64e0","name":"Emilie","image":{"@type":"ImageObject","@id":"https:\/\/r-interieurs.com\/#personlogo","inLanguage":"fr-FR","url":"https:\/\/secure.gravatar.com\/avatar\/003d8a0735cdcdb60b5d7b0ca440c0ee?s=96&d=mm&r=g","contentUrl":"https:\/\/secure.gravatar.com\/avatar\/003d8a0735cdcdb60b5d7b0ca440c0ee?s=96&d=mm&r=g","caption":"Emilie"},"url":"https:\/\/r-interieurs.com\/index.php\/author\/admin1978\/"}]}},"jetpack_featured_media_url":"https:\/\/r-interieurs.com\/wp-content\/uploads\/2018\/10\/emilie-rieffel-decoration-interieur-automne.png","_links":{"self":[{"href":"https:\/\/r-interieurs.com\/index.php\/wp-json\/wp\/v2\/posts\/5572"}],"collection":[{"href":"https:\/\/r-interieurs.com\/index.php\/wp-json\/wp\/v2\/posts"}],"about":[{"href":"https:\/\/r-interieurs.com\/index.php\/wp-json\/wp\/v2\/types\/post"}],"author":[{"embeddable":true,"href":"https:\/\/r-interieurs.com\/index.php\/wp-json\/wp\/v2\/users\/1"}],"replies":[{"embeddable":true,"href":"https:\/\/r-interieurs.com\/index.php\/wp-json\/wp\/v2\/comments?post=5572"}],"version-history":[{"count":7,"href":"https:\/\/r-interieurs.com\/index.php\/wp-json\/wp\/v2\/posts\/5572\/revisions"}],"predecessor-version":[{"id":5622,"href":"https:\/\/r-interieurs.com\/index.php\/wp-json\/wp\/v2\/posts\/5572\/revisions\/5622"}],"wp:featuredmedia":[{"embeddable":true,"href":"https:\/\/r-interieurs.com\/index.php\/wp-json\/wp\/v2\/media\/5618"}],"wp:attachment":[{"href":"https:\/\/r-interieurs.com\/index.php\/wp-json\/wp\/v2\/media?parent=5572"}],"wp:term":[{"taxonomy":"category","embeddable":true,"href":"https:\/\/r-interieurs.com\/index.php\/wp-json\/wp\/v2\/categories?post=5572"},{"taxonomy":"post_tag","embeddable":true,"href":"https:\/\/r-interieurs.com\/index.php\/wp-json\/wp\/v2\/tags?post=5572"}],"curies":[{"name":"wp","href":"https:\/\/api.w.org\/{rel}","templated":true}]}}