{"id":5548,"date":"2019-02-01T07:00:12","date_gmt":"2019-02-01T06:00:12","guid":{"rendered":"http:\/\/r-interieurs.com\/?p=5548"},"modified":"2019-04-06T16:17:21","modified_gmt":"2019-04-06T14:17:21","slug":"sdb","status":"publish","type":"post","link":"https:\/\/r-interieurs.com\/index.php\/2019\/02\/01\/sdb\/","title":{"rendered":"Les petites salles de bain"},"content":{"rendered":"<p style=\"text-align: justify;\">C\u2019est une des pi\u00e8ces les plus importantes de notre maison.<span class=\"Apple-converted-space\">\u00a0\u00a0<\/span>Qu\u2019elle soit petite ou spacieuse, elle doit s\u2019adapter \u00e0 vos besoins et \u00eatre bien organis\u00e9e. L\u2019\u00e9clairage est indispensable surtout si vous n\u2019avez pas de fen\u00eatre.<\/p>\n<p style=\"text-align: justify;\">Pensez \u00e9galement aux rangements pour les serviettes, produits de beaut\u00e9, s\u00e8che-cheveux, rasoir, tondeuse pour \u00e9viter qu\u2019ils ne trainent partout et fassent d\u00e9sordre.<span class=\"Apple-converted-space\">\u00a0<\/span><\/p>\n<p style=\"text-align: justify;\">Certains d\u2019entre vous doivent aussi y installer leur machine \u00e0 laver qui prend souvent pas mal de place\u2026<\/p>\n<p style=\"text-align: justify;\">Je vous ai trouv\u00e9 quelques id\u00e9es d\u2019am\u00e9nagement de salle de bain sur Pinterest :<\/p>\n<h3 style=\"text-align: justify;\">Petite salle de bain mais grande allure<span class=\"Apple-converted-space\">\u00a0<\/span><\/h3>\n<p><img loading=\"lazy\" class=\"aligncenter size-full wp-image-5642\" src=\"http:\/\/r-interieurs.com\/wp-content\/uploads\/2018\/09\/emilie-rieffel-decoration-interieur-strasbourg-petite-salle-de-bain-grande-allure.png\" alt=\"\" width=\"449\" height=\"678\" srcset=\"https:\/\/r-interieurs.com\/wp-content\/uploads\/2018\/09\/emilie-rieffel-decoration-interieur-strasbourg-petite-salle-de-bain-grande-allure.png 449w, https:\/\/r-interieurs.com\/wp-content\/uploads\/2018\/09\/emilie-rieffel-decoration-interieur-strasbourg-petite-salle-de-bain-grande-allure-199x300.png 199w\" sizes=\"(max-width: 449px) 100vw, 449px\" \/><\/p>\n<p style=\"text-align: justify;\">Douche ou baignoire, \u00e0 vous de voir ce que vous pr\u00e9f\u00e9rez.<span class=\"Apple-converted-space\">\u00a0\u00a0<\/span>Quand les salles de bains sont tout en longueur, installez-les plut\u00f4t dans le fond pour gagner de la place.<\/p>\n<p style=\"text-align: justify;\">Pour les petits espaces sans fen\u00eatres, privil\u00e9giez les tons clairs et neutres pour agrandir la pi\u00e8ce et apporter de la lumi\u00e8re. Les mat\u00e9riaux naturels comme le bois ou la c\u00e9ramique blanche ram\u00e8nent de la douceur et de la s\u00e9r\u00e9nit\u00e9. Les spots au plafond permettent un bon \u00e9clairage, tandis que les suspensions apportent une touche originale et \u00e9l\u00e9gante \u00e0 l\u2019ensemble.<\/p>\n<h4 style=\"text-align: justify;\">Ma s\u00e9l\u00e9ction :<\/h4>\n<p style=\"text-align: justify;\">Cliquez sur les intitul\u00e9s, ils vous dirigeront directement vers les sites vendeurs.<\/p>\n<p style=\"text-align: justify;\"><a href=\"https:\/\/www.leroymerlin.fr\/v3\/p\/produits\/meuble-sous-vasque-l-105-x-h-32-x-p-48-cm-neo-frame-e1401670579\">Meuble sous vasque<\/a> &#8211;\u00a0<a href=\"https:\/\/www.leroymerlin.fr\/v3\/p\/produits\/plan-vasque-simple-pure-marbre-de-synthese-105-cm-e1401650926\">Plan vasque<\/a><span class=\"Apple-converted-space\">\u00a0&#8211;\u00a0<\/span><a href=\"https:\/\/www.laredoute.fr\/ppdp\/prod-507890323.aspx#searchkeyword=suspensionverretransparent|shoppingtool=serp\">Suspension en verre<\/a> &#8211; <a href=\"https:\/\/www.ikea.com\/fr\/fr\/catalog\/products\/60249960\/?cid=fr%7cps%7cgo%7cPLA_CSS_Chambre_Miroirs_G_S_X_X_P_PLA-Chambre_Miroirs_G_S_X_X_P_PLA-&amp;gclid=EAIaIQobChMIm4nLveqh3gIVCtOyCh3HCQS5EAQYASABEgL8rPD_BwE\">Miroir rond<\/a> &#8211; <a href=\"https:\/\/www.asdecarreaux.com\/carrelage-carreau-metro-10x30-gris-perla,fr,4,ribe_10x30_perlm.cfm?gclid=EAIaIQobChMIkvf33-b43AIVBTbTCh13Mw52EAkYDCABEgJIlfD_BwE\">Carrelage<\/a> &#8211;<span class=\"Apple-converted-space\">\u00a0<\/span><a href=\"https:\/\/www.carreblanc.com\/drap-de-bain-chiara-blanc.html\">Drap de bain<\/a><span class=\"Apple-converted-space\">\u00a0&#8211;\u00a0<\/span><a href=\"https:\/\/www.grohe.fr\/fr_fr\/eurocube-joy-mitigeur-monocommande-lavabo-taille-m-23658000.html\">Mitigeur<span class=\"Apple-converted-space\">\u00a0<\/span><\/a><\/p>\n<p><img loading=\"lazy\" class=\"aligncenter size-full wp-image-5641\" src=\"http:\/\/r-interieurs.com\/wp-content\/uploads\/2018\/09\/emilie-rieffel-decoration-interieur-strasbourg-petite-salle-de-bain-grande-allure-moodboard-.png\" alt=\"\" width=\"1024\" height=\"768\" srcset=\"https:\/\/r-interieurs.com\/wp-content\/uploads\/2018\/09\/emilie-rieffel-decoration-interieur-strasbourg-petite-salle-de-bain-grande-allure-moodboard-.png 1024w, https:\/\/r-interieurs.com\/wp-content\/uploads\/2018\/09\/emilie-rieffel-decoration-interieur-strasbourg-petite-salle-de-bain-grande-allure-moodboard--300x225.png 300w, https:\/\/r-interieurs.com\/wp-content\/uploads\/2018\/09\/emilie-rieffel-decoration-interieur-strasbourg-petite-salle-de-bain-grande-allure-moodboard--768x576.png 768w\" sizes=\"(max-width: 1024px) 100vw, 1024px\" \/><\/p>\n<h3 style=\"text-align: justify;\">Petite salle de bain bien organis\u00e9e<span class=\"Apple-converted-space\">\u00a0<\/span><\/h3>\n<p><img loading=\"lazy\" class=\"aligncenter size-full wp-image-5643\" src=\"http:\/\/r-interieurs.com\/wp-content\/uploads\/2018\/09\/emilie-rieffel-decoration-interieur-strasbourg-petite-salle-de-bain-organisee.png\" alt=\"\" width=\"542\" height=\"677\" srcset=\"https:\/\/r-interieurs.com\/wp-content\/uploads\/2018\/09\/emilie-rieffel-decoration-interieur-strasbourg-petite-salle-de-bain-organisee.png 542w, https:\/\/r-interieurs.com\/wp-content\/uploads\/2018\/09\/emilie-rieffel-decoration-interieur-strasbourg-petite-salle-de-bain-organisee-240x300.png 240w\" sizes=\"(max-width: 542px) 100vw, 542px\" \/><\/p>\n<p style=\"text-align: justify;\">L\u2019am\u00e9nagement de cette petite salle de bain est tr\u00e8s bien pens\u00e9. Pour optimiser l\u2019espace, on int\u00e8gre des placards sur mesure avec portes et \u00e9tag\u00e8res.<span class=\"Apple-converted-space\">\u00a0\u00a0<\/span>On choisit un meuble sous vasque avec tiroirs et dessus on pose un plan de travail qui d\u00e9passe de c\u00f4t\u00e9 pour y installer en-dessous sa machine \u00e0 laver.<span class=\"Apple-converted-space\">\u00a0<\/span><\/p>\n<p style=\"text-align: justify;\">Si le sur-mesure vous revient trop cher, prenez les dimensions de votre mur, achetez un meuble colonne avec portes et dans l\u2019espace restant installez des \u00e9tag\u00e8res avec fixations non apparentes. Vous pourrez y poser des paniers, des bougies, de petites plantes, des serviettes, vos produits\u2026<\/p>\n<p>Pour le meuble colonne, vous pouvez par exemple prendre une structure BESTA (IKEA), y ajouter les portes de votre choix (blanches, imitation bois, b\u00e9ton\u2026) et la fixer au mur. Les \u00e9tag\u00e8res peuvent \u00eatre d\u00e9coup\u00e9es aux dimensions souhait\u00e9es dans tous les magasins de bricolage mais les fixations seront apparentes.<\/p>\n<h4 style=\"text-align: justify;\">Ma s\u00e9l\u00e9ction :<\/h4>\n<p style=\"text-align: justify;\">Cliquez sur les intitul\u00e9s, ils vous dirigeront directement vers les sites vendeurs.<\/p>\n<p style=\"text-align: justify;\"><a href=\"https:\/\/www.leroymerlin.fr\/v3\/p\/produits\/carrelage-sol-et-mur-multicolore-rouge-effet-ciment-gatsby-l-20-x-l-20-cm-e1501163577\">Carreaux de ciment sol<\/a><span class=\"Apple-converted-space\">\u00a0&#8211;<\/span> <a href=\"https:\/\/www.leroymerlin.fr\/v3\/p\/produits\/vasque-a-poser-resine-de-synthese-l-50-x-p-40-cm-blanc-natura-e4736\">Vasque \u00e0 poser<\/a><span class=\"Apple-converted-space\">\u00a0&#8211;\u00a0<\/span><a href=\"https:\/\/www.ikea.com\/fr\/fr\/catalog\/products\/70369122\/\">Porte<\/a> &#8211; <a href=\"https:\/\/www.leroymerlin.fr\/v3\/p\/produits\/faience-mur-blanc-tonic-l-25-x-l-50-cm-e1401402497\">Carrelage mural<\/a> &#8211; <a href=\"https:\/\/www.grohe.fr\/fr_fr\/eurosmart-mitigeur-monocommande-lavabo-taille-l-23537002.html\">Mitigeur<\/a><\/p>\n<p><img loading=\"lazy\" class=\"aligncenter size-full wp-image-5644\" src=\"http:\/\/r-interieurs.com\/wp-content\/uploads\/2018\/09\/emilie-rieffel-decoration-interieur-strasbourg-petite-salle-de-bain-organisee-moodboard.png\" alt=\"\" width=\"1024\" height=\"768\" srcset=\"https:\/\/r-interieurs.com\/wp-content\/uploads\/2018\/09\/emilie-rieffel-decoration-interieur-strasbourg-petite-salle-de-bain-organisee-moodboard.png 1024w, https:\/\/r-interieurs.com\/wp-content\/uploads\/2018\/09\/emilie-rieffel-decoration-interieur-strasbourg-petite-salle-de-bain-organisee-moodboard-300x225.png 300w, https:\/\/r-interieurs.com\/wp-content\/uploads\/2018\/09\/emilie-rieffel-decoration-interieur-strasbourg-petite-salle-de-bain-organisee-moodboard-768x576.png 768w\" sizes=\"(max-width: 1024px) 100vw, 1024px\" \/><\/p>\n<p style=\"text-align: justify;\"><span class=\"Apple-converted-space\">\u00a0<\/span><\/p>\n<h3 style=\"text-align: justify;\">Sous les combles<\/h3>\n<p><img loading=\"lazy\" class=\"aligncenter size-full wp-image-5646\" src=\"http:\/\/r-interieurs.com\/wp-content\/uploads\/2018\/09\/emilie-rieffel-decoration-interieur-strasbourg-petite-salle-de-bain-sous-combles.png\" alt=\"\" width=\"547\" height=\"727\" srcset=\"https:\/\/r-interieurs.com\/wp-content\/uploads\/2018\/09\/emilie-rieffel-decoration-interieur-strasbourg-petite-salle-de-bain-sous-combles.png 547w, https:\/\/r-interieurs.com\/wp-content\/uploads\/2018\/09\/emilie-rieffel-decoration-interieur-strasbourg-petite-salle-de-bain-sous-combles-226x300.png 226w\" sizes=\"(max-width: 547px) 100vw, 547px\" \/><\/p>\n<p style=\"text-align: justify;\">On n\u2019a pas tous la chance d\u2019habiter dans des maisons cubiques o\u00f9 tous les murs des pi\u00e8ces sont droits. Pour ceux qui n\u2019ont pas d\u2019autre choix que d\u2019avoir une salle de bain sous les combles, voici un am\u00e9nagement simple et efficace.<span class=\"Apple-converted-space\">\u00a0\u00a0<\/span>Installer une douche italienne sous la pente est une tr\u00e8s bonne id\u00e9e car on ne perd pas de place et on peut tr\u00e8s bien se tenir debout. On fixe bien \u00e9videmment le pommeau ou la colonne de douche sur le mur droit.<\/p>\n<p style=\"text-align: justify;\">Si vous \u00eates plut\u00f4t bain, vous pouvez \u00e9galement poser votre baignoire dans cet espace. Le choix du carrelage sera selon vos go\u00fbts.<span class=\"Apple-converted-space\">\u00a0\u00a0<\/span>La d\u00e9pense la plus importante sera dans la paroi de vitre qui devra se faire sur mesure. Pour le reste c\u2019est vous qui g\u00e9rez le budget. Cette d\u00e9coration est tr\u00e8s simple et intemporelle.<\/p>\n<p style=\"text-align: justify;\">Si vous voulez vous en inspirez, choisissez des carreaux imitation marbre ou pierre naturelle dans les tons de blancs, gris clair, du lambris PVC adapt\u00e9 aux pi\u00e8ces humides, de la mosa\u00efque noire et blanche\u2026 Il y en a pour tous les prix. La baignoire sur pieds est de style classique. Vous en trouverez chez LEROY MERLIN, ESPACE AUBADE, SIEHR, PORCELANOSA\u2026<\/p>\n","protected":false},"excerpt":{"rendered":"<p>C\u2019est une des pi\u00e8ces les plus importantes de notre maison.\u00a0\u00a0Qu\u2019elle soit petite ou spacieuse, elle doit s\u2019adapter \u00e0 vos besoins et \u00eatre bien organis\u00e9e. L\u2019\u00e9clairage est indispensable surtout si vous n\u2019avez pas de fen\u00eatre. Pensez \u00e9galement aux rangements pour les [&hellip;]<\/p>\n","protected":false},"author":1,"featured_media":5642,"comment_status":"open","ping_status":"open","sticky":false,"template":"","format":"standard","meta":{"spay_email":""},"categories":[241],"tags":[],"yoast_head":"<!-- This site is optimized with the Yoast SEO plugin v18.4.1 - https:\/\/yoast.com\/wordpress\/plugins\/seo\/ -->\n<title>Les petites salles de bain - R Int\u00e9rieurs<\/title>\n<meta name=\"robots\" content=\"index, follow, max-snippet:-1, max-image-preview:large, max-video-preview:-1\" \/>\n<link rel=\"canonical\" href=\"https:\/\/r-interieurs.com\/index.php\/2019\/02\/01\/sdb\/\" \/>\n<meta property=\"og:locale\" content=\"fr_FR\" \/>\n<meta property=\"og:type\" content=\"article\" \/>\n<meta property=\"og:title\" content=\"Les petites salles de bain - R Int\u00e9rieurs\" \/>\n<meta property=\"og:description\" content=\"C\u2019est une des pi\u00e8ces les plus importantes de notre maison.\u00a0\u00a0Qu\u2019elle soit petite ou spacieuse, elle doit s\u2019adapter \u00e0 vos besoins et \u00eatre bien organis\u00e9e. L\u2019\u00e9clairage est indispensable surtout si vous n\u2019avez pas de fen\u00eatre. Pensez \u00e9galement aux rangements pour les [&hellip;]\" \/>\n<meta property=\"og:url\" content=\"https:\/\/r-interieurs.com\/index.php\/2019\/02\/01\/sdb\/\" \/>\n<meta property=\"og:site_name\" content=\"R Int\u00e9rieurs\" \/>\n<meta property=\"article:published_time\" content=\"2019-02-01T06:00:12+00:00\" \/>\n<meta property=\"article:modified_time\" content=\"2019-04-06T14:17:21+00:00\" \/>\n<meta property=\"og:image\" content=\"https:\/\/r-interieurs.com\/wp-content\/uploads\/2018\/09\/emilie-rieffel-decoration-interieur-strasbourg-petite-salle-de-bain-grande-allure.png\" \/>\n\t<meta property=\"og:image:width\" content=\"449\" \/>\n\t<meta property=\"og:image:height\" content=\"678\" \/>\n\t<meta property=\"og:image:type\" content=\"image\/png\" \/>\n<meta name=\"twitter:card\" content=\"summary_large_image\" \/>\n<meta name=\"twitter:label1\" content=\"\u00c9crit par\" \/>\n\t<meta name=\"twitter:data1\" content=\"Emilie\" \/>\n\t<meta name=\"twitter:label2\" content=\"Dur\u00e9e de lecture estim\u00e9e\" \/>\n\t<meta name=\"twitter:data2\" content=\"3 minutes\" \/>\n<script type=\"application\/ld+json\" class=\"yoast-schema-graph\">{\"@context\":\"https:\/\/schema.org\",\"@graph\":[{\"@type\":\"WebSite\",\"@id\":\"https:\/\/r-interieurs.com\/#website\",\"url\":\"https:\/\/r-interieurs.com\/\",\"name\":\"R Int\u00e9rieurs\",\"description\":\"D\u00e9coration int\u00e9rieur Strasbourg\",\"potentialAction\":[{\"@type\":\"SearchAction\",\"target\":{\"@type\":\"EntryPoint\",\"urlTemplate\":\"https:\/\/r-interieurs.com\/?s={search_term_string}\"},\"query-input\":\"required name=search_term_string\"}],\"inLanguage\":\"fr-FR\"},{\"@type\":\"ImageObject\",\"@id\":\"https:\/\/r-interieurs.com\/index.php\/2019\/02\/01\/sdb\/#primaryimage\",\"inLanguage\":\"fr-FR\",\"url\":\"https:\/\/r-interieurs.com\/wp-content\/uploads\/2018\/09\/emilie-rieffel-decoration-interieur-strasbourg-petite-salle-de-bain-grande-allure.png\",\"contentUrl\":\"https:\/\/r-interieurs.com\/wp-content\/uploads\/2018\/09\/emilie-rieffel-decoration-interieur-strasbourg-petite-salle-de-bain-grande-allure.png\",\"width\":449,\"height\":678},{\"@type\":\"WebPage\",\"@id\":\"https:\/\/r-interieurs.com\/index.php\/2019\/02\/01\/sdb\/#webpage\",\"url\":\"https:\/\/r-interieurs.com\/index.php\/2019\/02\/01\/sdb\/\",\"name\":\"Les petites salles de bain - R Int\u00e9rieurs\",\"isPartOf\":{\"@id\":\"https:\/\/r-interieurs.com\/#website\"},\"primaryImageOfPage\":{\"@id\":\"https:\/\/r-interieurs.com\/index.php\/2019\/02\/01\/sdb\/#primaryimage\"},\"datePublished\":\"2019-02-01T06:00:12+00:00\",\"dateModified\":\"2019-04-06T14:17:21+00:00\",\"author\":{\"@id\":\"https:\/\/r-interieurs.com\/#\/schema\/person\/b3bfd020a48a222cbed09eae8f5c64e0\"},\"breadcrumb\":{\"@id\":\"https:\/\/r-interieurs.com\/index.php\/2019\/02\/01\/sdb\/#breadcrumb\"},\"inLanguage\":\"fr-FR\",\"potentialAction\":[{\"@type\":\"ReadAction\",\"target\":[\"https:\/\/r-interieurs.com\/index.php\/2019\/02\/01\/sdb\/\"]}]},{\"@type\":\"BreadcrumbList\",\"@id\":\"https:\/\/r-interieurs.com\/index.php\/2019\/02\/01\/sdb\/#breadcrumb\",\"itemListElement\":[{\"@type\":\"ListItem\",\"position\":1,\"name\":\"Accueil\",\"item\":\"https:\/\/r-interieurs.com\/\"},{\"@type\":\"ListItem\",\"position\":2,\"name\":\"Les petites salles de bain\"}]},{\"@type\":\"Person\",\"@id\":\"https:\/\/r-interieurs.com\/#\/schema\/person\/b3bfd020a48a222cbed09eae8f5c64e0\",\"name\":\"Emilie\",\"image\":{\"@type\":\"ImageObject\",\"@id\":\"https:\/\/r-interieurs.com\/#personlogo\",\"inLanguage\":\"fr-FR\",\"url\":\"https:\/\/secure.gravatar.com\/avatar\/003d8a0735cdcdb60b5d7b0ca440c0ee?s=96&d=mm&r=g\",\"contentUrl\":\"https:\/\/secure.gravatar.com\/avatar\/003d8a0735cdcdb60b5d7b0ca440c0ee?s=96&d=mm&r=g\",\"caption\":\"Emilie\"},\"url\":\"https:\/\/r-interieurs.com\/index.php\/author\/admin1978\/\"}]}<\/script>\n<!-- \/ Yoast SEO plugin. -->","yoast_head_json":{"title":"Les petites salles de bain - R Int\u00e9rieurs","robots":{"index":"index","follow":"follow","max-snippet":"max-snippet:-1","max-image-preview":"max-image-preview:large","max-video-preview":"max-video-preview:-1"},"canonical":"https:\/\/r-interieurs.com\/index.php\/2019\/02\/01\/sdb\/","og_locale":"fr_FR","og_type":"article","og_title":"Les petites salles de bain - R Int\u00e9rieurs","og_description":"C\u2019est une des pi\u00e8ces les plus importantes de notre maison.\u00a0\u00a0Qu\u2019elle soit petite ou spacieuse, elle doit s\u2019adapter \u00e0 vos besoins et \u00eatre bien organis\u00e9e. L\u2019\u00e9clairage est indispensable surtout si vous n\u2019avez pas de fen\u00eatre. Pensez \u00e9galement aux rangements pour les [&hellip;]","og_url":"https:\/\/r-interieurs.com\/index.php\/2019\/02\/01\/sdb\/","og_site_name":"R Int\u00e9rieurs","article_published_time":"2019-02-01T06:00:12+00:00","article_modified_time":"2019-04-06T14:17:21+00:00","og_image":[{"width":449,"height":678,"url":"https:\/\/r-interieurs.com\/wp-content\/uploads\/2018\/09\/emilie-rieffel-decoration-interieur-strasbourg-petite-salle-de-bain-grande-allure.png","type":"image\/png"}],"twitter_card":"summary_large_image","twitter_misc":{"\u00c9crit par":"Emilie","Dur\u00e9e de lecture estim\u00e9e":"3 minutes"},"schema":{"@context":"https:\/\/schema.org","@graph":[{"@type":"WebSite","@id":"https:\/\/r-interieurs.com\/#website","url":"https:\/\/r-interieurs.com\/","name":"R Int\u00e9rieurs","description":"D\u00e9coration int\u00e9rieur Strasbourg","potentialAction":[{"@type":"SearchAction","target":{"@type":"EntryPoint","urlTemplate":"https:\/\/r-interieurs.com\/?s={search_term_string}"},"query-input":"required name=search_term_string"}],"inLanguage":"fr-FR"},{"@type":"ImageObject","@id":"https:\/\/r-interieurs.com\/index.php\/2019\/02\/01\/sdb\/#primaryimage","inLanguage":"fr-FR","url":"https:\/\/r-interieurs.com\/wp-content\/uploads\/2018\/09\/emilie-rieffel-decoration-interieur-strasbourg-petite-salle-de-bain-grande-allure.png","contentUrl":"https:\/\/r-interieurs.com\/wp-content\/uploads\/2018\/09\/emilie-rieffel-decoration-interieur-strasbourg-petite-salle-de-bain-grande-allure.png","width":449,"height":678},{"@type":"WebPage","@id":"https:\/\/r-interieurs.com\/index.php\/2019\/02\/01\/sdb\/#webpage","url":"https:\/\/r-interieurs.com\/index.php\/2019\/02\/01\/sdb\/","name":"Les petites salles de bain - R Int\u00e9rieurs","isPartOf":{"@id":"https:\/\/r-interieurs.com\/#website"},"primaryImageOfPage":{"@id":"https:\/\/r-interieurs.com\/index.php\/2019\/02\/01\/sdb\/#primaryimage"},"datePublished":"2019-02-01T06:00:12+00:00","dateModified":"2019-04-06T14:17:21+00:00","author":{"@id":"https:\/\/r-interieurs.com\/#\/schema\/person\/b3bfd020a48a222cbed09eae8f5c64e0"},"breadcrumb":{"@id":"https:\/\/r-interieurs.com\/index.php\/2019\/02\/01\/sdb\/#breadcrumb"},"inLanguage":"fr-FR","potentialAction":[{"@type":"ReadAction","target":["https:\/\/r-interieurs.com\/index.php\/2019\/02\/01\/sdb\/"]}]},{"@type":"BreadcrumbList","@id":"https:\/\/r-interieurs.com\/index.php\/2019\/02\/01\/sdb\/#breadcrumb","itemListElement":[{"@type":"ListItem","position":1,"name":"Accueil","item":"https:\/\/r-interieurs.com\/"},{"@type":"ListItem","position":2,"name":"Les petites salles de bain"}]},{"@type":"Person","@id":"https:\/\/r-interieurs.com\/#\/schema\/person\/b3bfd020a48a222cbed09eae8f5c64e0","name":"Emilie","image":{"@type":"ImageObject","@id":"https:\/\/r-interieurs.com\/#personlogo","inLanguage":"fr-FR","url":"https:\/\/secure.gravatar.com\/avatar\/003d8a0735cdcdb60b5d7b0ca440c0ee?s=96&d=mm&r=g","contentUrl":"https:\/\/secure.gravatar.com\/avatar\/003d8a0735cdcdb60b5d7b0ca440c0ee?s=96&d=mm&r=g","caption":"Emilie"},"url":"https:\/\/r-interieurs.com\/index.php\/author\/admin1978\/"}]}},"jetpack_featured_media_url":"https:\/\/r-interieurs.com\/wp-content\/uploads\/2018\/09\/emilie-rieffel-decoration-interieur-strasbourg-petite-salle-de-bain-grande-allure.png","_links":{"self":[{"href":"https:\/\/r-interieurs.com\/index.php\/wp-json\/wp\/v2\/posts\/5548"}],"collection":[{"href":"https:\/\/r-interieurs.com\/index.php\/wp-json\/wp\/v2\/posts"}],"about":[{"href":"https:\/\/r-interieurs.com\/index.php\/wp-json\/wp\/v2\/types\/post"}],"author":[{"embeddable":true,"href":"https:\/\/r-interieurs.com\/index.php\/wp-json\/wp\/v2\/users\/1"}],"replies":[{"embeddable":true,"href":"https:\/\/r-interieurs.com\/index.php\/wp-json\/wp\/v2\/comments?post=5548"}],"version-history":[{"count":9,"href":"https:\/\/r-interieurs.com\/index.php\/wp-json\/wp\/v2\/posts\/5548\/revisions"}],"predecessor-version":[{"id":5634,"href":"https:\/\/r-interieurs.com\/index.php\/wp-json\/wp\/v2\/posts\/5548\/revisions\/5634"}],"wp:featuredmedia":[{"embeddable":true,"href":"https:\/\/r-interieurs.com\/index.php\/wp-json\/wp\/v2\/media\/5642"}],"wp:attachment":[{"href":"https:\/\/r-interieurs.com\/index.php\/wp-json\/wp\/v2\/media?parent=5548"}],"wp:term":[{"taxonomy":"category","embeddable":true,"href":"https:\/\/r-interieurs.com\/index.php\/wp-json\/wp\/v2\/categories?post=5548"},{"taxonomy":"post_tag","embeddable":true,"href":"https:\/\/r-interieurs.com\/index.php\/wp-json\/wp\/v2\/tags?post=5548"}],"curies":[{"name":"wp","href":"https:\/\/api.w.org\/{rel}","templated":true}]}}