{"id":5530,"date":"2018-08-01T07:00:12","date_gmt":"2018-08-01T05:00:12","guid":{"rendered":"http:\/\/r-interieurs.com\/?p=5530"},"modified":"2019-04-06T16:16:04","modified_gmt":"2019-04-06T14:16:04","slug":"tendance-bord-de-mer","status":"publish","type":"post","link":"https:\/\/r-interieurs.com\/index.php\/2018\/08\/01\/tendance-bord-de-mer\/","title":{"rendered":"Bord de mer"},"content":{"rendered":"<p>L\u2019\u00e9t\u00e9 n\u2019est pas encore fini !<\/p>\n<div>\n<div>Si vous n\u2019avez pas la chance d\u2019habiter en bord de mer, sachez que l\u2019on peut faire rentrer l\u2019oc\u00e9an dans nos int\u00e9rieurs.<\/div>\n<div><\/div>\n<div>Misez sur des objets d\u00e9coratifs en forme de poisson, \u00e9toiles de mer, coquillages, corail, bateaux, m\u00e9duses\u2026\u00a0Choisissez du mobilier patin\u00e9 dans des tons blancs, bois ou rotin et d\u00e9corer-les avec des touches de bleu, gris, beige\u2026<\/div>\n<div>Attention de ne pas tomber dans le total look \u00ab\u00a0cabane du p\u00eacheur\u00a0\u00bb. Il faut tout de m\u00eame garder un style chaleureux et chic.<\/div>\n<div><\/div>\n<div>Palette de couleurs : blanc, beige, gris clair, lin, bleu, marron, vert d\u2019eau, taupe<\/p>\n<\/div>\n<div><\/div>\n<div><img loading=\"lazy\" id=\"m_-7917494388438188717x_B4FC8B2A-E899-455D-A7D8-B11E47A838CF\" class=\"CToWUd a6T\" tabindex=\"0\" src=\"https:\/\/mail.google.com\/mail\/u\/1?ui=2&amp;ik=0683961bb6&amp;attid=0.1&amp;permmsgid=msg-f:1611211125387828957&amp;th=165c2bfb62e61edd&amp;view=fimg&amp;sz=s0-l75-ft&amp;attbid=ANGjdJ_LzRvwagxzHMz2fkZGXG15Ml9buW7bHEfncm7T7_Fs3K-4FJbBHZ8zmasBantW-A5-tOsDuqIhvR4M99VfiH7xXxv6T-RIKznJIkaJDFh_RDE6NKnUfZWSOaY&amp;disp=emb\" width=\"537\" height=\"125\" data-image-whitelisted=\"\" \/><\/div>\n<div><\/div>\n<div>Mat\u00e9riaux: bois, rotin, osier, lin, coton, corde, m\u00e9tal<\/div>\n<div>\n<h4 style=\"text-align: justify;\">Ma s\u00e9l\u00e9ction :<\/h4>\n<p style=\"text-align: justify;\">Cliquez sur les intitul\u00e9s, ils vous dirigeront directement vers les sites vendeurs.<\/p>\n<p><a href=\"http:\/\/rotin-et-osier.com\/accueil\/211-plateau-rond-sabrina-anses-bois-et-rotin-miel-3863349715175.html\">Plateau<\/a> &#8211; <a href=\"https:\/\/www.habitat.fr\/p\/vase-en-porcelaine-texture-blanc\">Vase<\/a> &#8211; <a href=\"https:\/\/www.mondialtissus.fr\/plaid-jacquard-ethnique-bleu.html\">Plaid<\/a> &#8211; <a href=\"https:\/\/www.madura.fr\/fr_fr\/enveloppe-de-coussin-manali-blanc-14640.html\">Coussin<\/a> &#8211; <a href=\"https:\/\/www.helline.fr\/deco\/helline-home-canape-a-housse-88361795.html#partNumber=17200665&amp;gid=1&amp;pid=2\">Canap\u00e9<\/a> &#8211; <a href=\"https:\/\/www.decoclico.fr\/table-basse-en-plaque-acacia-teinte-pieds-acier-finition-laiton-class-dutchbone-p-36806\">Table basse<\/a> &#8211; <a href=\"https:\/\/www.laredoute.fr\/ppdp\/prod-512877409.aspx?dim1=1000&amp;dim2=1000&amp;lgw_code=5143-035141788&amp;cod=PSN00094558FR&amp;kard=1&amp;gclid=EAIaIQobChMIwpOXlPTl3AIVS0PTCh34tQvuEAkYASABEgLM-fD_BwE&amp;gclsrc=aw.ds&amp;awc=7509_1534021765_201d7e421047ce5fd207ca8f47da941f#ectrans=1\">Corail blanc<\/a> &#8211; <a href=\"https:\/\/www.maisonsdumonde.com\/FR\/fr\/p\/bibliotheque-en-pin-blanc-l-103-cm-newport-50140207.htm\">Biblioth\u00e8que<\/a> &#8211; <a href=\"http:\/\/www.lamaisoncoloniale.fr\/fr\/ar765935-766634-Le-lampadaire-rif.html?Cookie=set\">Lampadaire<\/a><\/p>\n<p>&nbsp;<\/p>\n<\/div>\n<div><\/div>\n<\/div>\n<div><img loading=\"lazy\" class=\"aligncenter size-full wp-image-5531\" src=\"http:\/\/r-interieurs.com\/wp-content\/uploads\/2018\/09\/emilie-rieffel-decoration-interieur-strasbourg-inspiration-bord-de-mer.png\" alt=\"\" width=\"1024\" height=\"768\" srcset=\"https:\/\/r-interieurs.com\/wp-content\/uploads\/2018\/09\/emilie-rieffel-decoration-interieur-strasbourg-inspiration-bord-de-mer.png 1024w, https:\/\/r-interieurs.com\/wp-content\/uploads\/2018\/09\/emilie-rieffel-decoration-interieur-strasbourg-inspiration-bord-de-mer-300x225.png 300w, https:\/\/r-interieurs.com\/wp-content\/uploads\/2018\/09\/emilie-rieffel-decoration-interieur-strasbourg-inspiration-bord-de-mer-768x576.png 768w\" sizes=\"(max-width: 1024px) 100vw, 1024px\" \/><\/div>\n","protected":false},"excerpt":{"rendered":"<p>L\u2019\u00e9t\u00e9 n\u2019est pas encore fini ! Si vous n\u2019avez pas la chance d\u2019habiter en bord de mer, sachez que l\u2019on peut faire rentrer l\u2019oc\u00e9an dans nos int\u00e9rieurs. Misez sur des objets d\u00e9coratifs en forme de poisson, \u00e9toiles de mer, coquillages, [&hellip;]<\/p>\n","protected":false},"author":1,"featured_media":5626,"comment_status":"open","ping_status":"open","sticky":false,"template":"","format":"standard","meta":{"spay_email":""},"categories":[20],"tags":[],"yoast_head":"<!-- This site is optimized with the Yoast SEO plugin v18.4.1 - https:\/\/yoast.com\/wordpress\/plugins\/seo\/ -->\n<title>Bord de mer - R Int\u00e9rieurs<\/title>\n<meta name=\"robots\" content=\"index, follow, max-snippet:-1, max-image-preview:large, max-video-preview:-1\" \/>\n<link rel=\"canonical\" href=\"https:\/\/r-interieurs.com\/index.php\/2018\/08\/01\/tendance-bord-de-mer\/\" \/>\n<meta property=\"og:locale\" content=\"fr_FR\" \/>\n<meta property=\"og:type\" content=\"article\" \/>\n<meta property=\"og:title\" content=\"Bord de mer - R Int\u00e9rieurs\" \/>\n<meta property=\"og:description\" content=\"L\u2019\u00e9t\u00e9 n\u2019est pas encore fini ! Si vous n\u2019avez pas la chance d\u2019habiter en bord de mer, sachez que l\u2019on peut faire rentrer l\u2019oc\u00e9an dans nos int\u00e9rieurs. Misez sur des objets d\u00e9coratifs en forme de poisson, \u00e9toiles de mer, coquillages, [&hellip;]\" \/>\n<meta property=\"og:url\" content=\"https:\/\/r-interieurs.com\/index.php\/2018\/08\/01\/tendance-bord-de-mer\/\" \/>\n<meta property=\"og:site_name\" content=\"R Int\u00e9rieurs\" \/>\n<meta property=\"article:published_time\" content=\"2018-08-01T05:00:12+00:00\" \/>\n<meta property=\"article:modified_time\" content=\"2019-04-06T14:16:04+00:00\" \/>\n<meta property=\"og:image\" content=\"https:\/\/r-interieurs.com\/wp-content\/uploads\/2018\/09\/emilie-rieffel-decoration-interieur-strasbourg-bord-de-mer.jpeg\" \/>\n\t<meta property=\"og:image:width\" content=\"427\" \/>\n\t<meta property=\"og:image:height\" content=\"640\" \/>\n\t<meta property=\"og:image:type\" content=\"image\/jpeg\" \/>\n<meta name=\"twitter:card\" content=\"summary_large_image\" \/>\n<meta name=\"twitter:label1\" content=\"\u00c9crit par\" \/>\n\t<meta name=\"twitter:data1\" content=\"Emilie\" \/>\n\t<meta name=\"twitter:label2\" content=\"Dur\u00e9e de lecture estim\u00e9e\" \/>\n\t<meta name=\"twitter:data2\" content=\"1 minute\" \/>\n<script type=\"application\/ld+json\" class=\"yoast-schema-graph\">{\"@context\":\"https:\/\/schema.org\",\"@graph\":[{\"@type\":\"WebSite\",\"@id\":\"https:\/\/r-interieurs.com\/#website\",\"url\":\"https:\/\/r-interieurs.com\/\",\"name\":\"R Int\u00e9rieurs\",\"description\":\"D\u00e9coration int\u00e9rieur Strasbourg\",\"potentialAction\":[{\"@type\":\"SearchAction\",\"target\":{\"@type\":\"EntryPoint\",\"urlTemplate\":\"https:\/\/r-interieurs.com\/?s={search_term_string}\"},\"query-input\":\"required name=search_term_string\"}],\"inLanguage\":\"fr-FR\"},{\"@type\":\"ImageObject\",\"@id\":\"https:\/\/r-interieurs.com\/index.php\/2018\/08\/01\/tendance-bord-de-mer\/#primaryimage\",\"inLanguage\":\"fr-FR\",\"url\":\"https:\/\/r-interieurs.com\/wp-content\/uploads\/2018\/09\/emilie-rieffel-decoration-interieur-strasbourg-bord-de-mer.jpeg\",\"contentUrl\":\"https:\/\/r-interieurs.com\/wp-content\/uploads\/2018\/09\/emilie-rieffel-decoration-interieur-strasbourg-bord-de-mer.jpeg\",\"width\":427,\"height\":640},{\"@type\":\"WebPage\",\"@id\":\"https:\/\/r-interieurs.com\/index.php\/2018\/08\/01\/tendance-bord-de-mer\/#webpage\",\"url\":\"https:\/\/r-interieurs.com\/index.php\/2018\/08\/01\/tendance-bord-de-mer\/\",\"name\":\"Bord de mer - R Int\u00e9rieurs\",\"isPartOf\":{\"@id\":\"https:\/\/r-interieurs.com\/#website\"},\"primaryImageOfPage\":{\"@id\":\"https:\/\/r-interieurs.com\/index.php\/2018\/08\/01\/tendance-bord-de-mer\/#primaryimage\"},\"datePublished\":\"2018-08-01T05:00:12+00:00\",\"dateModified\":\"2019-04-06T14:16:04+00:00\",\"author\":{\"@id\":\"https:\/\/r-interieurs.com\/#\/schema\/person\/b3bfd020a48a222cbed09eae8f5c64e0\"},\"breadcrumb\":{\"@id\":\"https:\/\/r-interieurs.com\/index.php\/2018\/08\/01\/tendance-bord-de-mer\/#breadcrumb\"},\"inLanguage\":\"fr-FR\",\"potentialAction\":[{\"@type\":\"ReadAction\",\"target\":[\"https:\/\/r-interieurs.com\/index.php\/2018\/08\/01\/tendance-bord-de-mer\/\"]}]},{\"@type\":\"BreadcrumbList\",\"@id\":\"https:\/\/r-interieurs.com\/index.php\/2018\/08\/01\/tendance-bord-de-mer\/#breadcrumb\",\"itemListElement\":[{\"@type\":\"ListItem\",\"position\":1,\"name\":\"Accueil\",\"item\":\"https:\/\/r-interieurs.com\/\"},{\"@type\":\"ListItem\",\"position\":2,\"name\":\"Bord de mer\"}]},{\"@type\":\"Person\",\"@id\":\"https:\/\/r-interieurs.com\/#\/schema\/person\/b3bfd020a48a222cbed09eae8f5c64e0\",\"name\":\"Emilie\",\"image\":{\"@type\":\"ImageObject\",\"@id\":\"https:\/\/r-interieurs.com\/#personlogo\",\"inLanguage\":\"fr-FR\",\"url\":\"https:\/\/secure.gravatar.com\/avatar\/003d8a0735cdcdb60b5d7b0ca440c0ee?s=96&d=mm&r=g\",\"contentUrl\":\"https:\/\/secure.gravatar.com\/avatar\/003d8a0735cdcdb60b5d7b0ca440c0ee?s=96&d=mm&r=g\",\"caption\":\"Emilie\"},\"url\":\"https:\/\/r-interieurs.com\/index.php\/author\/admin1978\/\"}]}<\/script>\n<!-- \/ Yoast SEO plugin. -->","yoast_head_json":{"title":"Bord de mer - R Int\u00e9rieurs","robots":{"index":"index","follow":"follow","max-snippet":"max-snippet:-1","max-image-preview":"max-image-preview:large","max-video-preview":"max-video-preview:-1"},"canonical":"https:\/\/r-interieurs.com\/index.php\/2018\/08\/01\/tendance-bord-de-mer\/","og_locale":"fr_FR","og_type":"article","og_title":"Bord de mer - R Int\u00e9rieurs","og_description":"L\u2019\u00e9t\u00e9 n\u2019est pas encore fini ! Si vous n\u2019avez pas la chance d\u2019habiter en bord de mer, sachez que l\u2019on peut faire rentrer l\u2019oc\u00e9an dans nos int\u00e9rieurs. Misez sur des objets d\u00e9coratifs en forme de poisson, \u00e9toiles de mer, coquillages, [&hellip;]","og_url":"https:\/\/r-interieurs.com\/index.php\/2018\/08\/01\/tendance-bord-de-mer\/","og_site_name":"R Int\u00e9rieurs","article_published_time":"2018-08-01T05:00:12+00:00","article_modified_time":"2019-04-06T14:16:04+00:00","og_image":[{"width":427,"height":640,"url":"https:\/\/r-interieurs.com\/wp-content\/uploads\/2018\/09\/emilie-rieffel-decoration-interieur-strasbourg-bord-de-mer.jpeg","type":"image\/jpeg"}],"twitter_card":"summary_large_image","twitter_misc":{"\u00c9crit par":"Emilie","Dur\u00e9e de lecture estim\u00e9e":"1 minute"},"schema":{"@context":"https:\/\/schema.org","@graph":[{"@type":"WebSite","@id":"https:\/\/r-interieurs.com\/#website","url":"https:\/\/r-interieurs.com\/","name":"R Int\u00e9rieurs","description":"D\u00e9coration int\u00e9rieur Strasbourg","potentialAction":[{"@type":"SearchAction","target":{"@type":"EntryPoint","urlTemplate":"https:\/\/r-interieurs.com\/?s={search_term_string}"},"query-input":"required name=search_term_string"}],"inLanguage":"fr-FR"},{"@type":"ImageObject","@id":"https:\/\/r-interieurs.com\/index.php\/2018\/08\/01\/tendance-bord-de-mer\/#primaryimage","inLanguage":"fr-FR","url":"https:\/\/r-interieurs.com\/wp-content\/uploads\/2018\/09\/emilie-rieffel-decoration-interieur-strasbourg-bord-de-mer.jpeg","contentUrl":"https:\/\/r-interieurs.com\/wp-content\/uploads\/2018\/09\/emilie-rieffel-decoration-interieur-strasbourg-bord-de-mer.jpeg","width":427,"height":640},{"@type":"WebPage","@id":"https:\/\/r-interieurs.com\/index.php\/2018\/08\/01\/tendance-bord-de-mer\/#webpage","url":"https:\/\/r-interieurs.com\/index.php\/2018\/08\/01\/tendance-bord-de-mer\/","name":"Bord de mer - R Int\u00e9rieurs","isPartOf":{"@id":"https:\/\/r-interieurs.com\/#website"},"primaryImageOfPage":{"@id":"https:\/\/r-interieurs.com\/index.php\/2018\/08\/01\/tendance-bord-de-mer\/#primaryimage"},"datePublished":"2018-08-01T05:00:12+00:00","dateModified":"2019-04-06T14:16:04+00:00","author":{"@id":"https:\/\/r-interieurs.com\/#\/schema\/person\/b3bfd020a48a222cbed09eae8f5c64e0"},"breadcrumb":{"@id":"https:\/\/r-interieurs.com\/index.php\/2018\/08\/01\/tendance-bord-de-mer\/#breadcrumb"},"inLanguage":"fr-FR","potentialAction":[{"@type":"ReadAction","target":["https:\/\/r-interieurs.com\/index.php\/2018\/08\/01\/tendance-bord-de-mer\/"]}]},{"@type":"BreadcrumbList","@id":"https:\/\/r-interieurs.com\/index.php\/2018\/08\/01\/tendance-bord-de-mer\/#breadcrumb","itemListElement":[{"@type":"ListItem","position":1,"name":"Accueil","item":"https:\/\/r-interieurs.com\/"},{"@type":"ListItem","position":2,"name":"Bord de mer"}]},{"@type":"Person","@id":"https:\/\/r-interieurs.com\/#\/schema\/person\/b3bfd020a48a222cbed09eae8f5c64e0","name":"Emilie","image":{"@type":"ImageObject","@id":"https:\/\/r-interieurs.com\/#personlogo","inLanguage":"fr-FR","url":"https:\/\/secure.gravatar.com\/avatar\/003d8a0735cdcdb60b5d7b0ca440c0ee?s=96&d=mm&r=g","contentUrl":"https:\/\/secure.gravatar.com\/avatar\/003d8a0735cdcdb60b5d7b0ca440c0ee?s=96&d=mm&r=g","caption":"Emilie"},"url":"https:\/\/r-interieurs.com\/index.php\/author\/admin1978\/"}]}},"jetpack_featured_media_url":"https:\/\/r-interieurs.com\/wp-content\/uploads\/2018\/09\/emilie-rieffel-decoration-interieur-strasbourg-bord-de-mer.jpeg","_links":{"self":[{"href":"https:\/\/r-interieurs.com\/index.php\/wp-json\/wp\/v2\/posts\/5530"}],"collection":[{"href":"https:\/\/r-interieurs.com\/index.php\/wp-json\/wp\/v2\/posts"}],"about":[{"href":"https:\/\/r-interieurs.com\/index.php\/wp-json\/wp\/v2\/types\/post"}],"author":[{"embeddable":true,"href":"https:\/\/r-interieurs.com\/index.php\/wp-json\/wp\/v2\/users\/1"}],"replies":[{"embeddable":true,"href":"https:\/\/r-interieurs.com\/index.php\/wp-json\/wp\/v2\/comments?post=5530"}],"version-history":[{"count":4,"href":"https:\/\/r-interieurs.com\/index.php\/wp-json\/wp\/v2\/posts\/5530\/revisions"}],"predecessor-version":[{"id":5625,"href":"https:\/\/r-interieurs.com\/index.php\/wp-json\/wp\/v2\/posts\/5530\/revisions\/5625"}],"wp:featuredmedia":[{"embeddable":true,"href":"https:\/\/r-interieurs.com\/index.php\/wp-json\/wp\/v2\/media\/5626"}],"wp:attachment":[{"href":"https:\/\/r-interieurs.com\/index.php\/wp-json\/wp\/v2\/media?parent=5530"}],"wp:term":[{"taxonomy":"category","embeddable":true,"href":"https:\/\/r-interieurs.com\/index.php\/wp-json\/wp\/v2\/categories?post=5530"},{"taxonomy":"post_tag","embeddable":true,"href":"https:\/\/r-interieurs.com\/index.php\/wp-json\/wp\/v2\/tags?post=5530"}],"curies":[{"name":"wp","href":"https:\/\/api.w.org\/{rel}","templated":true}]}}